{"id":349,"date":"2019-01-28T08:02:23","date_gmt":"2019-01-28T08:02:23","guid":{"rendered":"http:\/\/institutviladomat.cat\/portfoli\/15selenemarti\/?p=349"},"modified":"2019-01-28T08:02:42","modified_gmt":"2019-01-28T08:02:42","slug":"article-23-drets-humans","status":"publish","type":"post","link":"https:\/\/institutviladomat.cat\/portfoli\/15selenemarti\/2019\/01\/28\/article-23-drets-humans\/","title":{"rendered":"Article 23, Drets Humans"},"content":{"rendered":"\n<p>Pel dia mundial de la pau, el 30 de gener, hem vist un v\u00eddeo i fet diverses activitats a classe de tutoria. Hem revisat els articles del DUD, Declaraci\u00f3 Universal dels Drets Humans, i per grups hem escollit un dels trenta articles. Nosaltres hem escollit l&#8217;article 23. Al escollir-lo, hem fet una petita presentaci\u00f3 explican que deia, en quines situacions no es compleix i exemples on es viola l&#8217;article. A continuaci\u00f3 us l&#8217;enlla\u00e7o la presentaci\u00f3 perqu\u00e8 la pogueu veure.<\/p>\n\n\n\n<p><a href=\"https:\/\/docs.google.com\/presentation\/d\/1Cn1LzM2Lnu49eh1cSceT0a1gJK2pJyIo-zthUYSyhCM\/edit?ts=5c4eb10a#slide=id.g4e72193504_2_1\" target=\"_blank\" rel=\"noreferrer noopener\" aria-label=\" (s'obre en una nova pestanya)\">Article 23<\/a><\/p>\n\n\n\n<p><\/p>\n","protected":false},"excerpt":{"rendered":"<p>Pel dia mundial de la pau, el 30 de gener, hem vist un v\u00eddeo i fet diverses activitats a classe<\/p>\n","protected":false},"author":25,"featured_media":0,"comment_status":"open","ping_status":"open","sticky":false,"template":"","format":"standard","meta":{"footnotes":""},"categories":[1],"tags":[],"_links":{"self":[{"href":"https:\/\/institutviladomat.cat\/portfoli\/15selenemarti\/wp-json\/wp\/v2\/posts\/349"}],"collection":[{"href":"https:\/\/institutviladomat.cat\/portfoli\/15selenemarti\/wp-json\/wp\/v2\/posts"}],"about":[{"href":"https:\/\/institutviladomat.cat\/portfoli\/15selenemarti\/wp-json\/wp\/v2\/types\/post"}],"author":[{"embeddable":true,"href":"https:\/\/institutviladomat.cat\/portfoli\/15selenemarti\/wp-json\/wp\/v2\/users\/25"}],"replies":[{"embeddable":true,"href":"https:\/\/institutviladomat.cat\/portfoli\/15selenemarti\/wp-json\/wp\/v2\/comments?post=349"}],"version-history":[{"count":2,"href":"https:\/\/institutviladomat.cat\/portfoli\/15selenemarti\/wp-json\/wp\/v2\/posts\/349\/revisions"}],"predecessor-version":[{"id":351,"href":"https:\/\/institutviladomat.cat\/portfoli\/15selenemarti\/wp-json\/wp\/v2\/posts\/349\/revisions\/351"}],"wp:attachment":[{"href":"https:\/\/institutviladomat.cat\/portfoli\/15selenemarti\/wp-json\/wp\/v2\/media?parent=349"}],"wp:term":[{"taxonomy":"category","embeddable":true,"href":"https:\/\/institutviladomat.cat\/portfoli\/15selenemarti\/wp-json\/wp\/v2\/categories?post=349"},{"taxonomy":"post_tag","embeddable":true,"href":"https:\/\/institutviladomat.cat\/portfoli\/15selenemarti\/wp-json\/wp\/v2\/tags?post=349"}],"curies":[{"name":"wp","href":"https:\/\/api.w.org\/{rel}","templated":true}]}}