{"id":352,"date":"2019-02-13T12:19:39","date_gmt":"2019-02-13T12:19:39","guid":{"rendered":"http:\/\/institutviladomat.cat\/portfoli\/15selenemarti\/?p=352"},"modified":"2019-02-17T20:21:56","modified_gmt":"2019-02-17T20:21:56","slug":"elevator-pitch","status":"publish","type":"post","link":"https:\/\/institutviladomat.cat\/portfoli\/15selenemarti\/2019\/02\/13\/elevator-pitch\/","title":{"rendered":"Elevator Pitch"},"content":{"rendered":"\n<p>En classe de castellano, estamos preparandonos para el mundo laboral. Primero, empezamos creando el curriculum. All\u00ed poniamos los aspectos que hemos hecho y como nos hemos ido formando a lo largo de nuestra carrera estudiantil. Luego, hicimos una carta de presentaci\u00f3n que acompa\u00f1aba al curriculum. Una vez hecho toto esto, nos ense\u00f1aron que era un elevator pitch y tuvimos que crear uno. Aqu\u00ed os dejo el mio:<\/p>\n\n\n\n<p><a href=\"https:\/\/drive.google.com\/open?id=1xeXVjD3XWRTqyaXR3R7U3bfIEOBSWwiv\">Elevator Pitch<\/a><\/p>\n\n\n\n<p>La siguiente fase es la entrevista de trabajo. Tendremos que prepararla y haremos una simulaci\u00f3n donde los dem\u00e1s compa\u00f1eros nos valoraran en funci\u00f3n de como lo hagamos.<\/p>\n","protected":false},"excerpt":{"rendered":"<p>En classe de castellano, estamos preparandonos para el mundo laboral. Primero, empezamos creando el curriculum. All\u00ed poniamos los aspectos que<\/p>\n","protected":false},"author":25,"featured_media":361,"comment_status":"open","ping_status":"open","sticky":false,"template":"","format":"standard","meta":{"footnotes":""},"categories":[1],"tags":[],"_links":{"self":[{"href":"https:\/\/institutviladomat.cat\/portfoli\/15selenemarti\/wp-json\/wp\/v2\/posts\/352"}],"collection":[{"href":"https:\/\/institutviladomat.cat\/portfoli\/15selenemarti\/wp-json\/wp\/v2\/posts"}],"about":[{"href":"https:\/\/institutviladomat.cat\/portfoli\/15selenemarti\/wp-json\/wp\/v2\/types\/post"}],"author":[{"embeddable":true,"href":"https:\/\/institutviladomat.cat\/portfoli\/15selenemarti\/wp-json\/wp\/v2\/users\/25"}],"replies":[{"embeddable":true,"href":"https:\/\/institutviladomat.cat\/portfoli\/15selenemarti\/wp-json\/wp\/v2\/comments?post=352"}],"version-history":[{"count":3,"href":"https:\/\/institutviladomat.cat\/portfoli\/15selenemarti\/wp-json\/wp\/v2\/posts\/352\/revisions"}],"predecessor-version":[{"id":362,"href":"https:\/\/institutviladomat.cat\/portfoli\/15selenemarti\/wp-json\/wp\/v2\/posts\/352\/revisions\/362"}],"wp:featuredmedia":[{"embeddable":true,"href":"https:\/\/institutviladomat.cat\/portfoli\/15selenemarti\/wp-json\/wp\/v2\/media\/361"}],"wp:attachment":[{"href":"https:\/\/institutviladomat.cat\/portfoli\/15selenemarti\/wp-json\/wp\/v2\/media?parent=352"}],"wp:term":[{"taxonomy":"category","embeddable":true,"href":"https:\/\/institutviladomat.cat\/portfoli\/15selenemarti\/wp-json\/wp\/v2\/categories?post=352"},{"taxonomy":"post_tag","embeddable":true,"href":"https:\/\/institutviladomat.cat\/portfoli\/15selenemarti\/wp-json\/wp\/v2\/tags?post=352"}],"curies":[{"name":"wp","href":"https:\/\/api.w.org\/{rel}","templated":true}]}}