{"id":357,"date":"2019-03-24T09:18:36","date_gmt":"2019-03-24T09:18:36","guid":{"rendered":"http:\/\/institutviladomat.cat\/portfoli\/15selenemarti\/?p=357"},"modified":"2019-03-24T09:18:37","modified_gmt":"2019-03-24T09:18:37","slug":"audioguia","status":"publish","type":"post","link":"https:\/\/institutviladomat.cat\/portfoli\/15selenemarti\/2019\/03\/24\/audioguia\/","title":{"rendered":"Audioguia"},"content":{"rendered":"\n<p>A classe de catal\u00e0 vam fer un treball per coneixer millor la ciutat de Barcelona. Primer, ens don\u00e0ven la informaci\u00f3 d&#8217;un personatge i del tema que ens havia tocat. En el cas del meu grup, ens va tocar informar-nos sobre les botigues modernistes i sobre Raimon Casellas. Una vegada informats de qui era Raimon Casellas i una mica sobre com eren les botigues modernistes, vam haver de buscar exemples i fer un gui\u00f3, per tal de fer un tour visitant les diferents botigues que haviem escollit. Vam anar a buscar les botigues i vam fer diferents fotos per despr\u00e9s, junt amb el gui\u00f3 que haviem fet, fer una audioguia.<\/p>\n\n\n\n<p>Va ser molt divertit i interesant, encara que ens va faltar una mica de temps i l&#8217;aplicaci\u00f3 per fer l&#8217;audioguia donava alguns problemes a l&#8217;hora de muntar-la.<\/p>\n\n\n\n<p>  Us deixo aqui la nostra <a href=\"https:\/\/drive.google.com\/open?id=1AsifwFvc1OqH8XdK2VALkX7CSXTjHUOL\">audioguia<\/a> per si la voleu sentir.<\/p>\n","protected":false},"excerpt":{"rendered":"<p>A classe de catal\u00e0 vam fer un treball per coneixer millor la ciutat de Barcelona. Primer, ens don\u00e0ven la informaci\u00f3<\/p>\n","protected":false},"author":25,"featured_media":370,"comment_status":"open","ping_status":"open","sticky":false,"template":"","format":"standard","meta":{"footnotes":""},"categories":[1],"tags":[],"_links":{"self":[{"href":"https:\/\/institutviladomat.cat\/portfoli\/15selenemarti\/wp-json\/wp\/v2\/posts\/357"}],"collection":[{"href":"https:\/\/institutviladomat.cat\/portfoli\/15selenemarti\/wp-json\/wp\/v2\/posts"}],"about":[{"href":"https:\/\/institutviladomat.cat\/portfoli\/15selenemarti\/wp-json\/wp\/v2\/types\/post"}],"author":[{"embeddable":true,"href":"https:\/\/institutviladomat.cat\/portfoli\/15selenemarti\/wp-json\/wp\/v2\/users\/25"}],"replies":[{"embeddable":true,"href":"https:\/\/institutviladomat.cat\/portfoli\/15selenemarti\/wp-json\/wp\/v2\/comments?post=357"}],"version-history":[{"count":3,"href":"https:\/\/institutviladomat.cat\/portfoli\/15selenemarti\/wp-json\/wp\/v2\/posts\/357\/revisions"}],"predecessor-version":[{"id":371,"href":"https:\/\/institutviladomat.cat\/portfoli\/15selenemarti\/wp-json\/wp\/v2\/posts\/357\/revisions\/371"}],"wp:featuredmedia":[{"embeddable":true,"href":"https:\/\/institutviladomat.cat\/portfoli\/15selenemarti\/wp-json\/wp\/v2\/media\/370"}],"wp:attachment":[{"href":"https:\/\/institutviladomat.cat\/portfoli\/15selenemarti\/wp-json\/wp\/v2\/media?parent=357"}],"wp:term":[{"taxonomy":"category","embeddable":true,"href":"https:\/\/institutviladomat.cat\/portfoli\/15selenemarti\/wp-json\/wp\/v2\/categories?post=357"},{"taxonomy":"post_tag","embeddable":true,"href":"https:\/\/institutviladomat.cat\/portfoli\/15selenemarti\/wp-json\/wp\/v2\/tags?post=357"}],"curies":[{"name":"wp","href":"https:\/\/api.w.org\/{rel}","templated":true}]}}