{"id":372,"date":"2019-03-24T10:08:45","date_gmt":"2019-03-24T10:08:45","guid":{"rendered":"http:\/\/institutviladomat.cat\/portfoli\/15selenemarti\/?p=372"},"modified":"2019-03-24T10:08:46","modified_gmt":"2019-03-24T10:08:46","slug":"memoria-de-les-oblidades","status":"publish","type":"post","link":"https:\/\/institutviladomat.cat\/portfoli\/15selenemarti\/2019\/03\/24\/memoria-de-les-oblidades\/","title":{"rendered":"Mem\u00f2ria de les oblidades"},"content":{"rendered":"\n<p>L&#8217;altre dia vam anar a veure una obra, en mem\u00f2ria de les oblidades que van haver a l&#8217;\u00e8poca del r\u00e9gim franquista, acabada la Guerra Civil. Era un mon\u00f2leg on una mateixa dona feia de 5 dones diferents, totes elles d&#8217;aquella \u00e8poca, i explicava la hist\u00f2ria de cada una.<\/p>\n\n\n\n<p>Va ser una obra interesant i emotiva. Pensar que els hi passava coses tan dures et fa reflexionar i posar-te en la pell d&#8217;aquelles senyores que van patir i que avui en dia gairab\u00e9 ning\u00fa ho sap.<\/p>\n","protected":false},"excerpt":{"rendered":"<p>L&#8217;altre dia vam anar a veure una obra, en mem\u00f2ria de les oblidades que van haver a l&#8217;\u00e8poca del r\u00e9gim<\/p>\n","protected":false},"author":25,"featured_media":373,"comment_status":"open","ping_status":"open","sticky":false,"template":"","format":"standard","meta":{"footnotes":""},"categories":[1],"tags":[],"_links":{"self":[{"href":"https:\/\/institutviladomat.cat\/portfoli\/15selenemarti\/wp-json\/wp\/v2\/posts\/372"}],"collection":[{"href":"https:\/\/institutviladomat.cat\/portfoli\/15selenemarti\/wp-json\/wp\/v2\/posts"}],"about":[{"href":"https:\/\/institutviladomat.cat\/portfoli\/15selenemarti\/wp-json\/wp\/v2\/types\/post"}],"author":[{"embeddable":true,"href":"https:\/\/institutviladomat.cat\/portfoli\/15selenemarti\/wp-json\/wp\/v2\/users\/25"}],"replies":[{"embeddable":true,"href":"https:\/\/institutviladomat.cat\/portfoli\/15selenemarti\/wp-json\/wp\/v2\/comments?post=372"}],"version-history":[{"count":1,"href":"https:\/\/institutviladomat.cat\/portfoli\/15selenemarti\/wp-json\/wp\/v2\/posts\/372\/revisions"}],"predecessor-version":[{"id":374,"href":"https:\/\/institutviladomat.cat\/portfoli\/15selenemarti\/wp-json\/wp\/v2\/posts\/372\/revisions\/374"}],"wp:featuredmedia":[{"embeddable":true,"href":"https:\/\/institutviladomat.cat\/portfoli\/15selenemarti\/wp-json\/wp\/v2\/media\/373"}],"wp:attachment":[{"href":"https:\/\/institutviladomat.cat\/portfoli\/15selenemarti\/wp-json\/wp\/v2\/media?parent=372"}],"wp:term":[{"taxonomy":"category","embeddable":true,"href":"https:\/\/institutviladomat.cat\/portfoli\/15selenemarti\/wp-json\/wp\/v2\/categories?post=372"},{"taxonomy":"post_tag","embeddable":true,"href":"https:\/\/institutviladomat.cat\/portfoli\/15selenemarti\/wp-json\/wp\/v2\/tags?post=372"}],"curies":[{"name":"wp","href":"https:\/\/api.w.org\/{rel}","templated":true}]}}