{"id":375,"date":"2019-03-24T10:25:34","date_gmt":"2019-03-24T10:25:34","guid":{"rendered":"http:\/\/institutviladomat.cat\/portfoli\/15selenemarti\/?p=375"},"modified":"2019-03-24T20:45:35","modified_gmt":"2019-03-24T20:45:35","slug":"mujeres-del-27","status":"publish","type":"post","link":"https:\/\/institutviladomat.cat\/portfoli\/15selenemarti\/2019\/03\/24\/mujeres-del-27\/","title":{"rendered":"Mujeres del 27"},"content":{"rendered":"\n<p>En clase de castellano, hemos estudiado literatura, m\u00e1s concretamente, la etapa de la generaci\u00f3n del 27. Lo hemos hecho, conociendo a las mujeres que formaron parte y no tienen el reconocimiento que tendrian que tener. <\/p>\n\n\n\n<p>Nuestro trabajo consistia en estudiar estas mujeres, cada grupo una diferente, y hacer un progecto con el objetivo de que los dem\u00e1s compa\u00f1eros y alumnos tuvieran idea de estas mujeres. <\/p>\n\n\n\n<p>A mi grupo en particular, nos ha tocado Maria Zambrano, una gran fil\u00f3sofa de la \u00e9poca. Nos informamos sobre toda su vida e hicimos un resumen. Luego, buscamos varias de sus frases m\u00e1s importantes. Una vez hecha toda la busqueda, pasamos al paso creativo; Al progecto que tenimos que hacer para que los dem\u00e1s la conocieran. Para resaltar y llamar la atenci\u00f3n, hicimos un cartel de 3x5m donde ponia su frase: &#8220;TODO EXTREMISMO DESTRUYE LO QUE AFIRMA&#8221;. Tambi\u00e9n a\u00f1adimos su nombre y su cara. Al acabar, la colgamos en el patio donde todos pudieran verla bien. A todo el mundo le caus\u00f3 impresi\u00f3n, la rimera vez que la vieron susurraban y la comentaban.<\/p>\n\n\n\n<p>A parte de la pancarta, quisimos hacer un podcast con la finalidad de que conocieran su biografia. Luego, creamos un kahoot con preguntas, con informaci\u00f3n que aparece en el podcast, para que as\u00ed los alumnos aprendieran de forma divertida.<\/p>\n\n\n\n<p>Para que podais disfrutar del podcast y del kahoot, os dejo aqui abajo los enlaces:<\/p>\n\n\n\n<p>Podcast<\/p>\n\n\n\n<p>Kahoot <\/p>\n","protected":false},"excerpt":{"rendered":"<p>En clase de castellano, hemos estudiado literatura, m\u00e1s concretamente, la etapa de la generaci\u00f3n del 27. Lo hemos hecho, conociendo<\/p>\n","protected":false},"author":25,"featured_media":379,"comment_status":"open","ping_status":"open","sticky":false,"template":"","format":"standard","meta":{"footnotes":""},"categories":[1],"tags":[],"_links":{"self":[{"href":"https:\/\/institutviladomat.cat\/portfoli\/15selenemarti\/wp-json\/wp\/v2\/posts\/375"}],"collection":[{"href":"https:\/\/institutviladomat.cat\/portfoli\/15selenemarti\/wp-json\/wp\/v2\/posts"}],"about":[{"href":"https:\/\/institutviladomat.cat\/portfoli\/15selenemarti\/wp-json\/wp\/v2\/types\/post"}],"author":[{"embeddable":true,"href":"https:\/\/institutviladomat.cat\/portfoli\/15selenemarti\/wp-json\/wp\/v2\/users\/25"}],"replies":[{"embeddable":true,"href":"https:\/\/institutviladomat.cat\/portfoli\/15selenemarti\/wp-json\/wp\/v2\/comments?post=375"}],"version-history":[{"count":2,"href":"https:\/\/institutviladomat.cat\/portfoli\/15selenemarti\/wp-json\/wp\/v2\/posts\/375\/revisions"}],"predecessor-version":[{"id":386,"href":"https:\/\/institutviladomat.cat\/portfoli\/15selenemarti\/wp-json\/wp\/v2\/posts\/375\/revisions\/386"}],"wp:featuredmedia":[{"embeddable":true,"href":"https:\/\/institutviladomat.cat\/portfoli\/15selenemarti\/wp-json\/wp\/v2\/media\/379"}],"wp:attachment":[{"href":"https:\/\/institutviladomat.cat\/portfoli\/15selenemarti\/wp-json\/wp\/v2\/media?parent=375"}],"wp:term":[{"taxonomy":"category","embeddable":true,"href":"https:\/\/institutviladomat.cat\/portfoli\/15selenemarti\/wp-json\/wp\/v2\/categories?post=375"},{"taxonomy":"post_tag","embeddable":true,"href":"https:\/\/institutviladomat.cat\/portfoli\/15selenemarti\/wp-json\/wp\/v2\/tags?post=375"}],"curies":[{"name":"wp","href":"https:\/\/api.w.org\/{rel}","templated":true}]}}