{"id":382,"date":"2019-03-24T11:35:14","date_gmt":"2019-03-24T11:35:14","guid":{"rendered":"http:\/\/institutviladomat.cat\/portfoli\/15selenemarti\/?p=382"},"modified":"2019-03-24T11:35:14","modified_gmt":"2019-03-24T11:35:14","slug":"turfu-les-editions","status":"publish","type":"post","link":"https:\/\/institutviladomat.cat\/portfoli\/15selenemarti\/2019\/03\/24\/turfu-les-editions\/","title":{"rendered":"Turfu les \u00e9ditions"},"content":{"rendered":"\n<p>El divendres 22 de Mar\u00e7 van vindre dos alumnes francesos a parlar-nos d&#8217;un progecte que han creat i realitzat desdel seu institut. La idea d&#8217;aquest progecte va surgir quan van asistis a classes intensives on es realitzaven amb l&#8217;objectiu de crear un progecte conjunt. Deien, que quan van comen\u00e7ar no s&#8217;imaginaven que arrib\u00e9s tant lluny. No haurien pensat mai que estarien per Barcelona fent xerrades explicant-ho.<\/p>\n\n\n\n<p>Hem va semblar molt interesant encara que hi havia moments que em costava seguir la explicaci\u00f3, la van fer en angl\u00e9s ja que eren francesos i no sabien espanyol, al igual que nosaltres tampoc sabem franc\u00e9s.<\/p>\n","protected":false},"excerpt":{"rendered":"<p>El divendres 22 de Mar\u00e7 van vindre dos alumnes francesos a parlar-nos d&#8217;un progecte que han creat i realitzat desdel<\/p>\n","protected":false},"author":25,"featured_media":383,"comment_status":"open","ping_status":"open","sticky":false,"template":"","format":"standard","meta":{"footnotes":""},"categories":[1],"tags":[],"_links":{"self":[{"href":"https:\/\/institutviladomat.cat\/portfoli\/15selenemarti\/wp-json\/wp\/v2\/posts\/382"}],"collection":[{"href":"https:\/\/institutviladomat.cat\/portfoli\/15selenemarti\/wp-json\/wp\/v2\/posts"}],"about":[{"href":"https:\/\/institutviladomat.cat\/portfoli\/15selenemarti\/wp-json\/wp\/v2\/types\/post"}],"author":[{"embeddable":true,"href":"https:\/\/institutviladomat.cat\/portfoli\/15selenemarti\/wp-json\/wp\/v2\/users\/25"}],"replies":[{"embeddable":true,"href":"https:\/\/institutviladomat.cat\/portfoli\/15selenemarti\/wp-json\/wp\/v2\/comments?post=382"}],"version-history":[{"count":1,"href":"https:\/\/institutviladomat.cat\/portfoli\/15selenemarti\/wp-json\/wp\/v2\/posts\/382\/revisions"}],"predecessor-version":[{"id":384,"href":"https:\/\/institutviladomat.cat\/portfoli\/15selenemarti\/wp-json\/wp\/v2\/posts\/382\/revisions\/384"}],"wp:featuredmedia":[{"embeddable":true,"href":"https:\/\/institutviladomat.cat\/portfoli\/15selenemarti\/wp-json\/wp\/v2\/media\/383"}],"wp:attachment":[{"href":"https:\/\/institutviladomat.cat\/portfoli\/15selenemarti\/wp-json\/wp\/v2\/media?parent=382"}],"wp:term":[{"taxonomy":"category","embeddable":true,"href":"https:\/\/institutviladomat.cat\/portfoli\/15selenemarti\/wp-json\/wp\/v2\/categories?post=382"},{"taxonomy":"post_tag","embeddable":true,"href":"https:\/\/institutviladomat.cat\/portfoli\/15selenemarti\/wp-json\/wp\/v2\/tags?post=382"}],"curies":[{"name":"wp","href":"https:\/\/api.w.org\/{rel}","templated":true}]}}