{"id":388,"date":"2019-04-22T16:37:01","date_gmt":"2019-04-22T16:37:01","guid":{"rendered":"http:\/\/institutviladomat.cat\/portfoli\/15selenemarti\/?p=388"},"modified":"2019-06-03T17:02:15","modified_gmt":"2019-06-03T17:02:15","slug":"viatge-a-italia-una-nit-llarga","status":"publish","type":"post","link":"https:\/\/institutviladomat.cat\/portfoli\/15selenemarti\/2019\/04\/22\/viatge-a-italia-una-nit-llarga\/","title":{"rendered":"Viatge a It\u00e0lia. Una nit llarga"},"content":{"rendered":"\n<h4 class=\"wp-block-heading\">Diumenge 31 de Mar\u00e7.<\/h4>\n\n\n\n<p>Hem vaig aixecar a les 5:30 del mat\u00ed. Estava emocionada per diferents motius del dia, encara que una mica dormida. Aquella nit amb el canvi d&#8217;hora vaig dormir 5 hores. Hem vaig dutxar, vestir, preprar i vaig sortir de casa. A les 8 estava arribant a aiguafreda, on tenia competici\u00f3 de patinatge (interclub). A les 9 vam entrar a pista la meva companya i amiga Sara i jo. Despr\u00e9s de probar pista, ens vam asseure i la nostra entrenadora ens va estar animant, corregint i tranquilitzant. Va entrar a competir la meva companya, despr\u00e9s d&#8217;unes quantes. Ho va fer perfecta i, en principi, pujava a podium. Van passar un par de nenes despr\u00e9s d&#8217;ella i, aleshores, era el meu torn. Estava tremolant, l&#8217;entrenadora em va tranquilitzar i hem va donar sort. Vaig entrar a pista, hem vaig colocar en posici\u00f3 i de cop els nervis van &#8220;desapareixer&#8221;. Al comen\u00e7ar a escoltar la m\u00fasica, vaig comen\u00e7ar amb el meu ball. Tot anava b\u00e9 fins que, fent la pirueta, hem vaig caure. Enlloc de posar-me m\u00e9s nerviosa, hem vaig tranquilitzar tant, que al repetir la pirueta, els hombros s&#8217;em van baixar sols i la pirueta va sortir perfecte. Vaig acabar el ball i al veure les puntuacions, vam veure que tamb\u00e9 pujava a podium. Quan van finalitzar totes les participants, aproximadament a les 13:30 h, vam desfilar i vam pujar a podium. <\/p>\n\n\n\n<p><\/p>\n\n\n\n<p>Vaig sortir d&#8217;Aiguafreda a les 14:00h aproximadament. Al arribar a Barcelona, el primer que vaig fer va ser menjar, vestir-me amb roba normal, casual i preparar tot el que faltava pel viatge. A les 8:00 haviem d&#8217;estar tots a l&#8217;institut per revisar documentaci\u00f3 i posar-nos per comen\u00e7ar el gran viatge.<\/p>\n\n\n\n<p>Una vegada tot aix\u00f2 fet, vam comen\u00e7ar cam\u00ed a it\u00e0lia, en autocar. Vam sortir entre les 22:00 i les 22:30, el que significava que durmiriem all\u00e0.<\/p>\n\n\n\n<p>El viatge va comen\u00e7ar b\u00e9. Estavem tots molt motivats i amb energia. La gent hem felicitava per la classificaci\u00f3 de la competici\u00f3 i jugavem a diferents jocs que es poden jugar a un autocar. A l&#8217;hora i mitja, vam parar per sopar. Despr\u00e9s de la primera parada, se suposava que ja haviem de dormir, per\u00f2 poca gent ho va aconseguir. La Iris, que era la meva companya d&#8217;autocar, hem va &#8220;abandonar&#8221;, amb perm\u00eds meu, i es va anar m\u00e9s endavant amb una altre persona a sentar-se. S&#8217;estava b\u00e9 sola tamb\u00e9. Vaig intentar aprofitar per dormir, per\u00f2 no vaig trigar en donar-me compte de que darrerameu tenia al Xavier i al Roger, culpables de que durm\u00eds 3 hores i pocs minuts aquella nit. Per altre banda, al fons hi havia un grup de persones que a vegades es queixaven del soroll dels dem\u00e9s, i d&#8217;altres, el provocaven. Va ser una nit dura, m\u00e9s amb la son acomulada de la nit anterior, d&#8217;haver madrugat aquell mateix mat\u00ed i d&#8217;haver estat de competici\u00f3 mig dia. Tampoc puc dir que va ser espant\u00f3s, encara que no hem dexessin dormir, vaig descobrir que el Roger t\u00e9 una r\u00e0dio interior ple de diferents estils de m\u00fasica i de com\u00e8dia. No callava, quan no et cantava un &#8220;regueton&#8221; et cantava &#8220;pop angl\u00e8s, can\u00e7ons en catal\u00e0, castell\u00e0, rap, trap, can\u00e7ons infantils, de tot tipus i, sin\u00f3 cantava, comen\u00e7ava amb les bromes, la ironia i la com\u00e8dia. En certa manera era divertit. A no s\u00e9 quina hora de la matinada, la seva germana Marta em va fer companyia. Vam intentar dormir per\u00f2 no va ser possible. Despr\u00e9s s&#8217;en va anar amb un altre company i hem vaig tornar a quedar sola. All\u00e0 va ser quan vaig poder dormir 2 hores, per\u00f2 hem van despertar amb soroll. Ja era extrany que estiguessin callats tan de temps. A les hores, vam fer una parada. Vaig aprofitar per baixar i pendre l&#8217;aire. Quan vaig pujar a l&#8217;autocar, vaig veure al Yassine al meu lloc, la qual cosa hem vaig asseure al seu costat. Ell intentava dormir, jo una mica tamb\u00e9 per\u00f2 era preferent que durm\u00eds ell ja que no havia aconseguit fer-ho en tota la nit. M\u00e9s tard, es va anar tamb\u00e9. Vaig poder dormir una mica m\u00e9s, per\u00f2 no gaire ja que la gent comen\u00e7ava a estar activa i comen\u00e7aven a fer soroll o a posar can\u00e7ons per cantarles. Vam parar per esmorzar. Tots feiem cares de Zoombies. Vaig esmorzar amb el Jaume, la Marta Riera i l&#8217;\u00c0lvar. Va ser divertit i ens vam riure bastant. Ja estavem a It\u00e0lia. Faltaven unes 2 hores per arribar el nostre dest\u00ed. Passades les 2 hores, vam arribar a Pissa. L&#8217;autocar ens va deixar a un aparcament, a les afores, perqu\u00e8 no podia entrar-hi a la ciutat. Els profes ens van donar les istruccions i vam comen\u00e7ar a veure It\u00e0lia.<\/p>\n","protected":false},"excerpt":{"rendered":"<p>Diumenge 31 de Mar\u00e7. Hem vaig aixecar a les 5:30 del mat\u00ed. Estava emocionada per diferents motius del dia, encara<\/p>\n","protected":false},"author":25,"featured_media":413,"comment_status":"open","ping_status":"open","sticky":false,"template":"","format":"standard","meta":{"footnotes":""},"categories":[1],"tags":[],"_links":{"self":[{"href":"https:\/\/institutviladomat.cat\/portfoli\/15selenemarti\/wp-json\/wp\/v2\/posts\/388"}],"collection":[{"href":"https:\/\/institutviladomat.cat\/portfoli\/15selenemarti\/wp-json\/wp\/v2\/posts"}],"about":[{"href":"https:\/\/institutviladomat.cat\/portfoli\/15selenemarti\/wp-json\/wp\/v2\/types\/post"}],"author":[{"embeddable":true,"href":"https:\/\/institutviladomat.cat\/portfoli\/15selenemarti\/wp-json\/wp\/v2\/users\/25"}],"replies":[{"embeddable":true,"href":"https:\/\/institutviladomat.cat\/portfoli\/15selenemarti\/wp-json\/wp\/v2\/comments?post=388"}],"version-history":[{"count":1,"href":"https:\/\/institutviladomat.cat\/portfoli\/15selenemarti\/wp-json\/wp\/v2\/posts\/388\/revisions"}],"predecessor-version":[{"id":389,"href":"https:\/\/institutviladomat.cat\/portfoli\/15selenemarti\/wp-json\/wp\/v2\/posts\/388\/revisions\/389"}],"wp:featuredmedia":[{"embeddable":true,"href":"https:\/\/institutviladomat.cat\/portfoli\/15selenemarti\/wp-json\/wp\/v2\/media\/413"}],"wp:attachment":[{"href":"https:\/\/institutviladomat.cat\/portfoli\/15selenemarti\/wp-json\/wp\/v2\/media?parent=388"}],"wp:term":[{"taxonomy":"category","embeddable":true,"href":"https:\/\/institutviladomat.cat\/portfoli\/15selenemarti\/wp-json\/wp\/v2\/categories?post=388"},{"taxonomy":"post_tag","embeddable":true,"href":"https:\/\/institutviladomat.cat\/portfoli\/15selenemarti\/wp-json\/wp\/v2\/tags?post=388"}],"curies":[{"name":"wp","href":"https:\/\/api.w.org\/{rel}","templated":true}]}}