{"id":404,"date":"2019-06-03T15:47:01","date_gmt":"2019-06-03T15:47:01","guid":{"rendered":"http:\/\/institutviladomat.cat\/portfoli\/15selenemarti\/?p=404"},"modified":"2019-06-03T15:47:02","modified_gmt":"2019-06-03T15:47:02","slug":"la-comunidad","status":"publish","type":"post","link":"https:\/\/institutviladomat.cat\/portfoli\/15selenemarti\/2019\/06\/03\/la-comunidad\/","title":{"rendered":"La comunidad"},"content":{"rendered":"\n<p>Per obrir la situaci\u00f3 d&#8217;aprenentatge de &#8220;L&#8217;Habitatge&#8221; vam veure la pel\u00b7l\u00edcula de &#8220;La comunidad&#8221;. Anava sobre unanoia que es deia Julia que treballava en una immobili\u00e0ria. De cop, quan mor un ve\u00ed d&#8217;una escala, on ella est\u00e0 ensenyant un pis, ella troba una maleta amb 300 millons de pesetes dins d&#8217;ella. Impactada, es trasllada al pis que est\u00e0 ensenyant, que est\u00e0 en aquell edifici, i amaga els diners.<\/p>\n\n\n\n<p>Els ve\u00efns, tan superficials i amb tant desquici, van darrera d&#8217;ella per aconseguir els diners. I, un a un, intenten treureli els diners costi el que costi, fins intentar matarla.<\/p>\n\n\n\n<p>El missatge de la pel\u00b7l\u00edcula era una mica introduir-nos en en la situaci\u00f3 de l&#8217;habitatge i veure com els pisos d&#8217;avui en dia eren cars, a part de veure com l&#8217;abaricia dels ve\u00efns a vegades \u00e9s m\u00e9s poderosa i els hi sega dels valors i respectes que s&#8217;han de tenir entre ells.<\/p>\n\n\n\n<p>Personalment la pel\u00b7l\u00edcula no em va agradar molt. Hi havien escenes de riure i la hist\u00f2ria estava b\u00e9 per\u00f2 hi havien escenes molt s\u00e0diques o que sobraven.<\/p>\n","protected":false},"excerpt":{"rendered":"<p>Per obrir la situaci\u00f3 d&#8217;aprenentatge de &#8220;L&#8217;Habitatge&#8221; vam veure la pel\u00b7l\u00edcula de &#8220;La comunidad&#8221;. Anava sobre unanoia que es deia<\/p>\n","protected":false},"author":25,"featured_media":405,"comment_status":"open","ping_status":"open","sticky":false,"template":"","format":"standard","meta":{"footnotes":""},"categories":[1],"tags":[],"_links":{"self":[{"href":"https:\/\/institutviladomat.cat\/portfoli\/15selenemarti\/wp-json\/wp\/v2\/posts\/404"}],"collection":[{"href":"https:\/\/institutviladomat.cat\/portfoli\/15selenemarti\/wp-json\/wp\/v2\/posts"}],"about":[{"href":"https:\/\/institutviladomat.cat\/portfoli\/15selenemarti\/wp-json\/wp\/v2\/types\/post"}],"author":[{"embeddable":true,"href":"https:\/\/institutviladomat.cat\/portfoli\/15selenemarti\/wp-json\/wp\/v2\/users\/25"}],"replies":[{"embeddable":true,"href":"https:\/\/institutviladomat.cat\/portfoli\/15selenemarti\/wp-json\/wp\/v2\/comments?post=404"}],"version-history":[{"count":1,"href":"https:\/\/institutviladomat.cat\/portfoli\/15selenemarti\/wp-json\/wp\/v2\/posts\/404\/revisions"}],"predecessor-version":[{"id":406,"href":"https:\/\/institutviladomat.cat\/portfoli\/15selenemarti\/wp-json\/wp\/v2\/posts\/404\/revisions\/406"}],"wp:featuredmedia":[{"embeddable":true,"href":"https:\/\/institutviladomat.cat\/portfoli\/15selenemarti\/wp-json\/wp\/v2\/media\/405"}],"wp:attachment":[{"href":"https:\/\/institutviladomat.cat\/portfoli\/15selenemarti\/wp-json\/wp\/v2\/media?parent=404"}],"wp:term":[{"taxonomy":"category","embeddable":true,"href":"https:\/\/institutviladomat.cat\/portfoli\/15selenemarti\/wp-json\/wp\/v2\/categories?post=404"},{"taxonomy":"post_tag","embeddable":true,"href":"https:\/\/institutviladomat.cat\/portfoli\/15selenemarti\/wp-json\/wp\/v2\/tags?post=404"}],"curies":[{"name":"wp","href":"https:\/\/api.w.org\/{rel}","templated":true}]}}