{"id":410,"date":"2019-06-03T16:26:29","date_gmt":"2019-06-03T16:26:29","guid":{"rendered":"http:\/\/institutviladomat.cat\/portfoli\/15selenemarti\/?p=410"},"modified":"2019-06-03T16:26:29","modified_gmt":"2019-06-03T16:26:29","slug":"arxiu-maragall","status":"publish","type":"post","link":"https:\/\/institutviladomat.cat\/portfoli\/15selenemarti\/2019\/06\/03\/arxiu-maragall\/","title":{"rendered":"Arxiu Maragall"},"content":{"rendered":"\n<p>Vam anar a casa, biblioteca i arxiu de Maragall, ja que estavem estudiant-lo a Catal\u00e0. Primer, ens vam documentar sobre la seva vida. Aix\u00ed quan vam anar a la casa, vem entendre tot millor i sabiem del tema. All\u00e0, vam veure totes les seves habitacions, salons, menjadors, saletes d&#8217;estar, el jard\u00ed, etc. Cada quarto estava decorat i ornamentat amb un estil diferent. Els mobles eren d&#8217;estils com per exemple alfons\u00ed o alexandr\u00ed, aix\u00ed tamb\u00e9 es deien els quartos on estaven aquests mobles. Tamb\u00e9 hi havia vitrines amb roba de Maragall i el llit on va n\u00e8ixer. Autoretrats de tota la familia i una vidriera preciosa al rebedor. <\/p>\n\n\n\n<p>Ens vane xplicar a mesura que anaven visitant totes les sales, les histories i les funcions que tenien cadascuna. L&#8217;acompanyavem mb un poema per casi b\u00e9 totes les habitacions. <\/p>\n\n\n\n<p>Va estar interesant i m&#8217;ho vaig passar b\u00e9. Vaig apendre coses noves i vaig refor\u00e7ar algun coneixement que ja hi tenia en ment. A part, em va fer gr\u00e0cia veure la casa i em va semblar molt bonica, amb encant i art.<\/p>\n","protected":false},"excerpt":{"rendered":"<p>Vam anar a casa, biblioteca i arxiu de Maragall, ja que estavem estudiant-lo a Catal\u00e0. Primer, ens vam documentar sobre<\/p>\n","protected":false},"author":25,"featured_media":411,"comment_status":"open","ping_status":"open","sticky":false,"template":"","format":"standard","meta":{"footnotes":""},"categories":[1],"tags":[],"_links":{"self":[{"href":"https:\/\/institutviladomat.cat\/portfoli\/15selenemarti\/wp-json\/wp\/v2\/posts\/410"}],"collection":[{"href":"https:\/\/institutviladomat.cat\/portfoli\/15selenemarti\/wp-json\/wp\/v2\/posts"}],"about":[{"href":"https:\/\/institutviladomat.cat\/portfoli\/15selenemarti\/wp-json\/wp\/v2\/types\/post"}],"author":[{"embeddable":true,"href":"https:\/\/institutviladomat.cat\/portfoli\/15selenemarti\/wp-json\/wp\/v2\/users\/25"}],"replies":[{"embeddable":true,"href":"https:\/\/institutviladomat.cat\/portfoli\/15selenemarti\/wp-json\/wp\/v2\/comments?post=410"}],"version-history":[{"count":1,"href":"https:\/\/institutviladomat.cat\/portfoli\/15selenemarti\/wp-json\/wp\/v2\/posts\/410\/revisions"}],"predecessor-version":[{"id":412,"href":"https:\/\/institutviladomat.cat\/portfoli\/15selenemarti\/wp-json\/wp\/v2\/posts\/410\/revisions\/412"}],"wp:featuredmedia":[{"embeddable":true,"href":"https:\/\/institutviladomat.cat\/portfoli\/15selenemarti\/wp-json\/wp\/v2\/media\/411"}],"wp:attachment":[{"href":"https:\/\/institutviladomat.cat\/portfoli\/15selenemarti\/wp-json\/wp\/v2\/media?parent=410"}],"wp:term":[{"taxonomy":"category","embeddable":true,"href":"https:\/\/institutviladomat.cat\/portfoli\/15selenemarti\/wp-json\/wp\/v2\/categories?post=410"},{"taxonomy":"post_tag","embeddable":true,"href":"https:\/\/institutviladomat.cat\/portfoli\/15selenemarti\/wp-json\/wp\/v2\/tags?post=410"}],"curies":[{"name":"wp","href":"https:\/\/api.w.org\/{rel}","templated":true}]}}