{"id":43,"date":"2017-02-11T13:56:12","date_gmt":"2017-02-11T13:56:12","guid":{"rendered":"http:\/\/institutviladomat.cat\/portfoli\/15selenemarti\/?p=43"},"modified":"2017-02-11T13:56:12","modified_gmt":"2017-02-11T13:56:12","slug":"sortida-a-vallvidrera","status":"publish","type":"post","link":"https:\/\/institutviladomat.cat\/portfoli\/15selenemarti\/2017\/02\/11\/sortida-a-vallvidrera\/","title":{"rendered":"Sortida a Vallvidrera"},"content":{"rendered":"<p>El dia 26 de gener vem anar a Vallvidrera a veure el pant\u00e0 de Vallvidrera i al museu que hi ha al costat, a saber m\u00e9s sobre el poeta Jacint Verdaguer. Va ser bastant divertit i el paissatge era bonic. Hem va agradar bastant perqu\u00e8 vaig apendre moltes coses i a sobre estavem rodejats de natura.<\/p>\n","protected":false},"excerpt":{"rendered":"<p>El dia 26 de gener vem anar a Vallvidrera a veure el pant\u00e0 de Vallvidrera i al museu que hi<\/p>\n","protected":false},"author":25,"featured_media":0,"comment_status":"open","ping_status":"open","sticky":false,"template":"","format":"standard","meta":{"footnotes":""},"categories":[1],"tags":[],"_links":{"self":[{"href":"https:\/\/institutviladomat.cat\/portfoli\/15selenemarti\/wp-json\/wp\/v2\/posts\/43"}],"collection":[{"href":"https:\/\/institutviladomat.cat\/portfoli\/15selenemarti\/wp-json\/wp\/v2\/posts"}],"about":[{"href":"https:\/\/institutviladomat.cat\/portfoli\/15selenemarti\/wp-json\/wp\/v2\/types\/post"}],"author":[{"embeddable":true,"href":"https:\/\/institutviladomat.cat\/portfoli\/15selenemarti\/wp-json\/wp\/v2\/users\/25"}],"replies":[{"embeddable":true,"href":"https:\/\/institutviladomat.cat\/portfoli\/15selenemarti\/wp-json\/wp\/v2\/comments?post=43"}],"version-history":[{"count":1,"href":"https:\/\/institutviladomat.cat\/portfoli\/15selenemarti\/wp-json\/wp\/v2\/posts\/43\/revisions"}],"predecessor-version":[{"id":44,"href":"https:\/\/institutviladomat.cat\/portfoli\/15selenemarti\/wp-json\/wp\/v2\/posts\/43\/revisions\/44"}],"wp:attachment":[{"href":"https:\/\/institutviladomat.cat\/portfoli\/15selenemarti\/wp-json\/wp\/v2\/media?parent=43"}],"wp:term":[{"taxonomy":"category","embeddable":true,"href":"https:\/\/institutviladomat.cat\/portfoli\/15selenemarti\/wp-json\/wp\/v2\/categories?post=43"},{"taxonomy":"post_tag","embeddable":true,"href":"https:\/\/institutviladomat.cat\/portfoli\/15selenemarti\/wp-json\/wp\/v2\/tags?post=43"}],"curies":[{"name":"wp","href":"https:\/\/api.w.org\/{rel}","templated":true}]}}