{"id":52,"date":"2017-02-11T17:25:17","date_gmt":"2017-02-11T17:25:17","guid":{"rendered":"http:\/\/institutviladomat.cat\/portfoli\/15selenemarti\/?p=52"},"modified":"2017-02-11T17:25:17","modified_gmt":"2017-02-11T17:25:17","slug":"jacint-verdaguer","status":"publish","type":"post","link":"https:\/\/institutviladomat.cat\/portfoli\/15selenemarti\/2017\/02\/11\/jacint-verdaguer\/","title":{"rendered":"Jacint Verdaguer"},"content":{"rendered":"<p>Jacint Verdaguer va neixer al 17 de maig de 1845 a Folgaroles. Va ser el tercer fill de vuit, pero per mala sort, ning\u00fa a part d&#8217;ell va sobreviure. La seva mare treballava a casa i el seu pare era mestre d&#8217;obres. La seva mare era religiosa i li va fer ingresar al\u00a0Seminari de Vic. Mentre cursava els estudis eclesi\u00e0stics, vivia en una casa de camp propera a la ciutat -Can tonalitats, on donava classes als nens i ajudava en les feines agr\u00edcoles. En 1865 va participar en els Jocs Florals de Barcelona i va obtenir dos guardons. A l&#8217;any seg\u00fcent va tornar a guanyar dos premis en els mateixos Jocs Florals. Als vint anys va entrar com a sacerdot en la Companyia Trasatl\u00e1ntica d&#8217;Antonio L\u00f3pez i L\u00f3pez. Al\u00a01880, despr\u00e9s d&#8217;haver obtingut els tres premis can\u00f2nics en els Jocs Florals, va ser proclamat Mestre en Gai Saber. Aquest mateix any va publicar dos llibres sobre Montserrat: &#8220;Can\u00e7ons&#8221; i &#8220;Llegenda&#8221;. En 1884 va viatjar a Par\u00eds, Su\u00efssa, Alemanya i R\u00fassia, i l&#8217;any anterior ho havia fet, acompanyant al segon marqu\u00e8s de Comillas, al nord d&#8217;\u00c0frica.\u00a0El 21 de mar\u00e7 de 1886, el bisbe Morgades el va coronar &#8220;en nom de Catalunya&#8221; al Monestir de Santa Maria de Ripoll, poc despr\u00e9s de publicar el poema Canig\u00f3. Poc despr\u00e9s va realitzar un viatge de peregrinaci\u00f3 a Terra Santa, que li va produir una profunda crisi personal.\u00a0Al maig de 1893, es veu for\u00e7at a abandonar el seu c\u00e0rrec de capell\u00e0-almoiner al palau dels marquesos de Comillas. S&#8217;instal\u00b7la al santuari mari\u00e0 de la Gleva, prop de Vic, on residir\u00e0 dos anys. Al\u00a017 maig 1902, el mateix dia que complia cinquanta-set anys, es va traslladar des de Barcelona a la finca coneguda com Vi\u00b7la Joana a Vallvidrera, on el seu propietari, exalcalde de la llavors vila de Sarri\u00e0, li va oferir passar unes setmanes per restablir d&#8217;una tisi pertina\u00e7. El 10 de juny, poc abans de les sis de la tarda, el poeta va morir. Tres dies despr\u00e9s, el cad\u00e0ver de Verdaguer, despr\u00e9s d&#8217;haver estat exposat a l&#8217;Ajuntament de Barcelona, \u200b\u200bva ser enterrat a la muntanya de Montju\u00efc, en una roca davant del mar, despr\u00e9s d&#8217;un llarg trajecte pels carrers de la ciutat, en una de les manifestacions de dol m\u00e9s multitudin\u00e0ries de la hist\u00f2ria de Catalunya.<\/p>\n","protected":false},"excerpt":{"rendered":"<p>Jacint Verdaguer va neixer al 17 de maig de 1845 a Folgaroles. Va ser el tercer fill de vuit, pero<\/p>\n","protected":false},"author":25,"featured_media":0,"comment_status":"open","ping_status":"open","sticky":false,"template":"","format":"standard","meta":{"footnotes":""},"categories":[1],"tags":[],"_links":{"self":[{"href":"https:\/\/institutviladomat.cat\/portfoli\/15selenemarti\/wp-json\/wp\/v2\/posts\/52"}],"collection":[{"href":"https:\/\/institutviladomat.cat\/portfoli\/15selenemarti\/wp-json\/wp\/v2\/posts"}],"about":[{"href":"https:\/\/institutviladomat.cat\/portfoli\/15selenemarti\/wp-json\/wp\/v2\/types\/post"}],"author":[{"embeddable":true,"href":"https:\/\/institutviladomat.cat\/portfoli\/15selenemarti\/wp-json\/wp\/v2\/users\/25"}],"replies":[{"embeddable":true,"href":"https:\/\/institutviladomat.cat\/portfoli\/15selenemarti\/wp-json\/wp\/v2\/comments?post=52"}],"version-history":[{"count":1,"href":"https:\/\/institutviladomat.cat\/portfoli\/15selenemarti\/wp-json\/wp\/v2\/posts\/52\/revisions"}],"predecessor-version":[{"id":53,"href":"https:\/\/institutviladomat.cat\/portfoli\/15selenemarti\/wp-json\/wp\/v2\/posts\/52\/revisions\/53"}],"wp:attachment":[{"href":"https:\/\/institutviladomat.cat\/portfoli\/15selenemarti\/wp-json\/wp\/v2\/media?parent=52"}],"wp:term":[{"taxonomy":"category","embeddable":true,"href":"https:\/\/institutviladomat.cat\/portfoli\/15selenemarti\/wp-json\/wp\/v2\/categories?post=52"},{"taxonomy":"post_tag","embeddable":true,"href":"https:\/\/institutviladomat.cat\/portfoli\/15selenemarti\/wp-json\/wp\/v2\/tags?post=52"}],"curies":[{"name":"wp","href":"https:\/\/api.w.org\/{rel}","templated":true}]}}