{"id":60,"date":"2017-02-20T10:23:15","date_gmt":"2017-02-20T10:23:15","guid":{"rendered":"http:\/\/institutviladomat.cat\/portfoli\/15selenemarti\/?p=60"},"modified":"2017-02-20T10:23:15","modified_gmt":"2017-02-20T10:23:15","slug":"excurcio-fira-arduino","status":"publish","type":"post","link":"https:\/\/institutviladomat.cat\/portfoli\/15selenemarti\/2017\/02\/20\/excurcio-fira-arduino\/","title":{"rendered":"Excurci\u00f3 Fira Arduino"},"content":{"rendered":"<p>El dia 17 de Febrer de 2017, vem anar al cosmo caixa a exposar els nostres projectes d&#8217;arduino que hem fet duran tot el primer trimestre fins el dia avans de la fira.<\/p>\n<p>A les 7:30 del mat\u00ed vam sortir de l&#8217;institut i ens vem dirigir cap al metro. Vam arribar entre les 9:00 i 9:30. All\u00e0, ens vem organitzar i vem preparar els projectes.<\/p>\n<p>Vem fer torns per esmorzar i despr\u00e9s va comen\u00e7ar la fira. Hi havia molta gent i la veritat \u00e9s que hi havien projectes molt interesants.<\/p>\n<p>Aquests s\u00f3n uns quants que a el meu grup i a mi ens han agradat m\u00e9s.<\/p>\n<p>&nbsp;<\/p>\n<p>A les 14:00 aproximadament, vem comen\u00e7ar a recollir i ja vem tornar a l&#8217;institut. M&#8217;ho vaig passar bastant b\u00e9 i vaig apendre molt.<\/p>\n","protected":false},"excerpt":{"rendered":"<p>El dia 17 de Febrer de 2017, vem anar al cosmo caixa a exposar els nostres projectes d&#8217;arduino que hem<\/p>\n","protected":false},"author":25,"featured_media":0,"comment_status":"open","ping_status":"open","sticky":false,"template":"","format":"standard","meta":{"footnotes":""},"categories":[1],"tags":[],"_links":{"self":[{"href":"https:\/\/institutviladomat.cat\/portfoli\/15selenemarti\/wp-json\/wp\/v2\/posts\/60"}],"collection":[{"href":"https:\/\/institutviladomat.cat\/portfoli\/15selenemarti\/wp-json\/wp\/v2\/posts"}],"about":[{"href":"https:\/\/institutviladomat.cat\/portfoli\/15selenemarti\/wp-json\/wp\/v2\/types\/post"}],"author":[{"embeddable":true,"href":"https:\/\/institutviladomat.cat\/portfoli\/15selenemarti\/wp-json\/wp\/v2\/users\/25"}],"replies":[{"embeddable":true,"href":"https:\/\/institutviladomat.cat\/portfoli\/15selenemarti\/wp-json\/wp\/v2\/comments?post=60"}],"version-history":[{"count":1,"href":"https:\/\/institutviladomat.cat\/portfoli\/15selenemarti\/wp-json\/wp\/v2\/posts\/60\/revisions"}],"predecessor-version":[{"id":61,"href":"https:\/\/institutviladomat.cat\/portfoli\/15selenemarti\/wp-json\/wp\/v2\/posts\/60\/revisions\/61"}],"wp:attachment":[{"href":"https:\/\/institutviladomat.cat\/portfoli\/15selenemarti\/wp-json\/wp\/v2\/media?parent=60"}],"wp:term":[{"taxonomy":"category","embeddable":true,"href":"https:\/\/institutviladomat.cat\/portfoli\/15selenemarti\/wp-json\/wp\/v2\/categories?post=60"},{"taxonomy":"post_tag","embeddable":true,"href":"https:\/\/institutviladomat.cat\/portfoli\/15selenemarti\/wp-json\/wp\/v2\/tags?post=60"}],"curies":[{"name":"wp","href":"https:\/\/api.w.org\/{rel}","templated":true}]}}