{"id":75,"date":"2017-06-07T07:51:55","date_gmt":"2017-06-07T07:51:55","guid":{"rendered":"http:\/\/institutviladomat.cat\/portfoli\/15selenemarti\/?p=75"},"modified":"2017-06-07T09:19:11","modified_gmt":"2017-06-07T09:19:11","slug":"dia-mundial-de-lactivitat-fisica","status":"publish","type":"post","link":"https:\/\/institutviladomat.cat\/portfoli\/15selenemarti\/2017\/06\/07\/dia-mundial-de-lactivitat-fisica\/","title":{"rendered":"Dia mundial de l&#8217;activitat f\u00edsica"},"content":{"rendered":"<p>El 6 d&#8217;abril vam celebrar el dia mundial de l&#8217;activitat f\u00edsica anant a fer goalball, zumba, tenis platja, entrenement de for\u00e7a i bolei ball. Entre activitat i activitat ens don\u00e0ven tro\u00e7os de fruita i aigua per refrescarnos i recuperarnos per la seg\u00fcent activitat. Va ser bastant b\u00e9 i va ser divertit. Vam apendre a entendrens millor en equip, sobretot jugant al goalball que haviem d&#8217;escoltar els del nostre equip i seguir indicacions.<\/p>\n","protected":false},"excerpt":{"rendered":"<p>El 6 d&#8217;abril vam celebrar el dia mundial de l&#8217;activitat f\u00edsica anant a fer goalball, zumba, tenis platja, entrenement de<\/p>\n","protected":false},"author":25,"featured_media":0,"comment_status":"open","ping_status":"open","sticky":false,"template":"","format":"standard","meta":{"footnotes":""},"categories":[1],"tags":[],"_links":{"self":[{"href":"https:\/\/institutviladomat.cat\/portfoli\/15selenemarti\/wp-json\/wp\/v2\/posts\/75"}],"collection":[{"href":"https:\/\/institutviladomat.cat\/portfoli\/15selenemarti\/wp-json\/wp\/v2\/posts"}],"about":[{"href":"https:\/\/institutviladomat.cat\/portfoli\/15selenemarti\/wp-json\/wp\/v2\/types\/post"}],"author":[{"embeddable":true,"href":"https:\/\/institutviladomat.cat\/portfoli\/15selenemarti\/wp-json\/wp\/v2\/users\/25"}],"replies":[{"embeddable":true,"href":"https:\/\/institutviladomat.cat\/portfoli\/15selenemarti\/wp-json\/wp\/v2\/comments?post=75"}],"version-history":[{"count":3,"href":"https:\/\/institutviladomat.cat\/portfoli\/15selenemarti\/wp-json\/wp\/v2\/posts\/75\/revisions"}],"predecessor-version":[{"id":78,"href":"https:\/\/institutviladomat.cat\/portfoli\/15selenemarti\/wp-json\/wp\/v2\/posts\/75\/revisions\/78"}],"wp:attachment":[{"href":"https:\/\/institutviladomat.cat\/portfoli\/15selenemarti\/wp-json\/wp\/v2\/media?parent=75"}],"wp:term":[{"taxonomy":"category","embeddable":true,"href":"https:\/\/institutviladomat.cat\/portfoli\/15selenemarti\/wp-json\/wp\/v2\/categories?post=75"},{"taxonomy":"post_tag","embeddable":true,"href":"https:\/\/institutviladomat.cat\/portfoli\/15selenemarti\/wp-json\/wp\/v2\/tags?post=75"}],"curies":[{"name":"wp","href":"https:\/\/api.w.org\/{rel}","templated":true}]}}