{"id":98,"date":"2017-11-12T17:55:12","date_gmt":"2017-11-12T17:55:12","guid":{"rendered":"http:\/\/institutviladomat.cat\/portfoli\/15selenemarti\/?p=98"},"modified":"2018-03-22T22:12:41","modified_gmt":"2018-03-22T22:12:41","slug":"sortida-museu-europeu-dart-cultural","status":"publish","type":"post","link":"https:\/\/institutviladomat.cat\/portfoli\/15selenemarti\/2017\/11\/12\/sortida-museu-europeu-dart-cultural\/","title":{"rendered":"Sortida Museu Europeu d&#8217;Art cultural"},"content":{"rendered":"<p>Els de 3r vam anar al Museu Europeu d&#8217;art cultural a veure diferents cultures de 4 continents diferents. Vam aprendre com\u00a0vestien, perqu\u00e8 es tatuen, com pensen&#8230; Despr\u00e9s de visitar el museu, vam fer un taller on vam omplir un dossier i vam dibuixar alguna cosa que ens descriv\u00eds.<\/p>\n","protected":false},"excerpt":{"rendered":"<p>Els de 3r vam anar al Museu Europeu d&#8217;art cultural a veure diferents cultures de 4 continents diferents. Vam aprendre<\/p>\n","protected":false},"author":25,"featured_media":0,"comment_status":"open","ping_status":"open","sticky":false,"template":"","format":"standard","meta":{"footnotes":""},"categories":[14,17,1],"tags":[25],"_links":{"self":[{"href":"https:\/\/institutviladomat.cat\/portfoli\/15selenemarti\/wp-json\/wp\/v2\/posts\/98"}],"collection":[{"href":"https:\/\/institutviladomat.cat\/portfoli\/15selenemarti\/wp-json\/wp\/v2\/posts"}],"about":[{"href":"https:\/\/institutviladomat.cat\/portfoli\/15selenemarti\/wp-json\/wp\/v2\/types\/post"}],"author":[{"embeddable":true,"href":"https:\/\/institutviladomat.cat\/portfoli\/15selenemarti\/wp-json\/wp\/v2\/users\/25"}],"replies":[{"embeddable":true,"href":"https:\/\/institutviladomat.cat\/portfoli\/15selenemarti\/wp-json\/wp\/v2\/comments?post=98"}],"version-history":[{"count":1,"href":"https:\/\/institutviladomat.cat\/portfoli\/15selenemarti\/wp-json\/wp\/v2\/posts\/98\/revisions"}],"predecessor-version":[{"id":99,"href":"https:\/\/institutviladomat.cat\/portfoli\/15selenemarti\/wp-json\/wp\/v2\/posts\/98\/revisions\/99"}],"wp:attachment":[{"href":"https:\/\/institutviladomat.cat\/portfoli\/15selenemarti\/wp-json\/wp\/v2\/media?parent=98"}],"wp:term":[{"taxonomy":"category","embeddable":true,"href":"https:\/\/institutviladomat.cat\/portfoli\/15selenemarti\/wp-json\/wp\/v2\/categories?post=98"},{"taxonomy":"post_tag","embeddable":true,"href":"https:\/\/institutviladomat.cat\/portfoli\/15selenemarti\/wp-json\/wp\/v2\/tags?post=98"}],"curies":[{"name":"wp","href":"https:\/\/api.w.org\/{rel}","templated":true}]}}