{"id":191,"date":"2017-09-22T07:14:52","date_gmt":"2017-09-22T07:14:52","guid":{"rendered":"http:\/\/institutviladomat.cat\/portfoli\/16erikamanchado\/?p=191"},"modified":"2018-01-15T11:57:47","modified_gmt":"2018-01-15T11:57:47","slug":"vacances-destiu","status":"publish","type":"post","link":"https:\/\/institutviladomat.cat\/portfoli\/16erikamanchado\/2017\/09\/22\/vacances-destiu\/","title":{"rendered":"Vacances d&#8217;estiu"},"content":{"rendered":"<p>Aquest estiu ha sigut una mica aburrit.<\/p>\n<p>La primera setmana nomes vaig estar quedant amb les amigues i ja esta. Despr\u00e9s \u00a0de acabar la primera setmana, els meus pares em van comprar deures extres.<\/p>\n<p>A la segona setmana em van obligar a fer un horari d&#8217;estudi. Aquet horari el tenia que seguir cada dia fins anar a Japo que seria a finals d&#8217;agost. En aquet horari habien temps lliures que els aprofitava per quedar amb amics. Habia dies que em quedava a dormir a la casa d&#8217;una amiga. Aquells dies tenia que fer la feina per la nit. Eren les millors nits de l&#8217;estiu.<\/p>\n<p>I aixi eren tots els dies estudiant i quedant.<\/p>\n<p>Pero a finals de juliol va vindre el millor amic del meu pare i els seus fills i la seva esposa a Barcelona que venien de Sevilla. Per tres dies i es quedaven a dormir a casa nostra.<\/p>\n<p>El primer dia que van vindre vam anar a visitar la Sagrada Familia i vam anar a sopar fora al restaurant preferit del meu pare.<\/p>\n<p>Al dia seguent com que el meu pare treballaba pel mat\u00ed i la meva mare tenia que preparar el dinar em vaig oferir per fer de &#8220;guia&#8221;. Els hi vaig ensenyar les vistes que os podian veura desde el mirador del centre comercial de les Arenes, tamb\u00e9 despr\u00e9s vam anar a plaza espa\u00f1a i els hi vaig ensenyar la font maguca de mintjuic i despr\u00e9s vam anar al estdai olimpic. Despr\u00e9s de un llarg dia caminant vam arribar a casa i vam dinar i per la tarda vam anar a pla\u00e7a catalunya.<\/p>\n<p>Van ser uns dels millors dies del estiu.<\/p>\n<p>I despr\u00e9s d&#8217;aquets dies va tornar tot com avans fins que el 28 de agost que eren dos dies despr\u00e9s del meu cumple que el vaig pasar amb amigues i vaig fer una festa de pijames, per fi va arribar el moment d&#8217;anar a jap\u00f3. Vaig estar dos setmanes que es van pasar volant. Van ser els millors d\u00e9s de l&#8217;estiu ja que portaba 3 anys sense anar. Vaig fer de tot. Vaig anar a un parc super gran. Que tenia un jardi botanic, un petit zoologic, una part de parc atletic, un mirador que estaba molt alta i moltes m\u00e9s coses molt divertides. Tamb\u00e9 vaig anar a molts centre comercials i a un parc aquatic amb aigua termal i a tamb\u00e9 vam anar a Kamakura que fa molts anys va ser la capial de Jap\u00f3 que te moltisims temples i vam anar a netellar els diners que es una tradici\u00f3 de Jap\u00f3, etc&#8230;<\/p>\n<p>Despr\u00e9s de dos setmanes a Jap\u00f3 vaig tornar a casa i ja nomes quedaven dos dies de estiu i els vaig disfrutar moltisim.<\/p>\n<p>En general aquet estiu ha sigut un dels millors.<\/p>\n<p>&nbsp;<\/p>\n","protected":false},"excerpt":{"rendered":"<p>Aquest estiu ha sigut una mica aburrit. La primera setmana nomes vaig estar quedant amb les amigues i ja esta. Despr\u00e9s \u00a0de acabar la primera setmana, els meus&#8230;<\/p>\n","protected":false},"author":106,"featured_media":235,"comment_status":"open","ping_status":"open","sticky":false,"template":"","format":"standard","meta":{"footnotes":""},"categories":[5],"tags":[],"_links":{"self":[{"href":"https:\/\/institutviladomat.cat\/portfoli\/16erikamanchado\/wp-json\/wp\/v2\/posts\/191"}],"collection":[{"href":"https:\/\/institutviladomat.cat\/portfoli\/16erikamanchado\/wp-json\/wp\/v2\/posts"}],"about":[{"href":"https:\/\/institutviladomat.cat\/portfoli\/16erikamanchado\/wp-json\/wp\/v2\/types\/post"}],"author":[{"embeddable":true,"href":"https:\/\/institutviladomat.cat\/portfoli\/16erikamanchado\/wp-json\/wp\/v2\/users\/106"}],"replies":[{"embeddable":true,"href":"https:\/\/institutviladomat.cat\/portfoli\/16erikamanchado\/wp-json\/wp\/v2\/comments?post=191"}],"version-history":[{"count":5,"href":"https:\/\/institutviladomat.cat\/portfoli\/16erikamanchado\/wp-json\/wp\/v2\/posts\/191\/revisions"}],"predecessor-version":[{"id":233,"href":"https:\/\/institutviladomat.cat\/portfoli\/16erikamanchado\/wp-json\/wp\/v2\/posts\/191\/revisions\/233"}],"wp:featuredmedia":[{"embeddable":true,"href":"https:\/\/institutviladomat.cat\/portfoli\/16erikamanchado\/wp-json\/wp\/v2\/media\/235"}],"wp:attachment":[{"href":"https:\/\/institutviladomat.cat\/portfoli\/16erikamanchado\/wp-json\/wp\/v2\/media?parent=191"}],"wp:term":[{"taxonomy":"category","embeddable":true,"href":"https:\/\/institutviladomat.cat\/portfoli\/16erikamanchado\/wp-json\/wp\/v2\/categories?post=191"},{"taxonomy":"post_tag","embeddable":true,"href":"https:\/\/institutviladomat.cat\/portfoli\/16erikamanchado\/wp-json\/wp\/v2\/tags?post=191"}],"curies":[{"name":"wp","href":"https:\/\/api.w.org\/{rel}","templated":true}]}}