{"id":222,"date":"2018-01-04T11:50:14","date_gmt":"2018-01-04T11:50:14","guid":{"rendered":"http:\/\/institutviladomat.cat\/portfoli\/16erikamanchado\/?p=222"},"modified":"2018-01-04T11:51:13","modified_gmt":"2018-01-04T11:51:13","slug":"presentacio-joana-biarnes-fotosfrases","status":"publish","type":"post","link":"https:\/\/institutviladomat.cat\/portfoli\/16erikamanchado\/2018\/01\/04\/presentacio-joana-biarnes-fotosfrases\/","title":{"rendered":"Presentaci\u00f3 Joana Biarnes &#8211;&gt; fotos+frases"},"content":{"rendered":"<p>En la situaci\u00f3 de fotoperiodisme a catal\u00e0 amb el grup de taula vam fer una presentaci\u00f3 de la Joana Biarnes.<\/p>\n<p>On es tenia que escollir 8 fotos i per a cada foto teniam que invertar una frase.<\/p>\n<p>I aquesta es la nostra presentaci\u00f3.<iframe width=\"100%\" height=\"400\" frameborder=\"0\" scrolling=\"https:\/\/docs.google.com\/a\/institutviladomat.cat\/presentation\/d\/1-U7_5O8IMq_njlOsMP29kEzaBRwKrv1-r0JQE7yXYgc\/preview?usp=drivesdk\" src=\"https:\/\/docs.google.com\/a\/institutviladomat.cat\/presentation\/d\/1-U7_5O8IMq_njlOsMP29kEzaBRwKrv1-r0JQE7yXYgc\/preview?usp=drivesdk\"><\/iframe><\/p>\n<p>&nbsp;<\/p>\n","protected":false},"excerpt":{"rendered":"<p>En la situaci\u00f3 de fotoperiodisme a catal\u00e0 amb el grup de taula vam fer una presentaci\u00f3 de la Joana Biarnes. On es tenia que escollir 8 fotos i&#8230;<\/p>\n","protected":false},"author":106,"featured_media":0,"comment_status":"open","ping_status":"open","sticky":false,"template":"","format":"standard","meta":{"footnotes":""},"categories":[1],"tags":[],"_links":{"self":[{"href":"https:\/\/institutviladomat.cat\/portfoli\/16erikamanchado\/wp-json\/wp\/v2\/posts\/222"}],"collection":[{"href":"https:\/\/institutviladomat.cat\/portfoli\/16erikamanchado\/wp-json\/wp\/v2\/posts"}],"about":[{"href":"https:\/\/institutviladomat.cat\/portfoli\/16erikamanchado\/wp-json\/wp\/v2\/types\/post"}],"author":[{"embeddable":true,"href":"https:\/\/institutviladomat.cat\/portfoli\/16erikamanchado\/wp-json\/wp\/v2\/users\/106"}],"replies":[{"embeddable":true,"href":"https:\/\/institutviladomat.cat\/portfoli\/16erikamanchado\/wp-json\/wp\/v2\/comments?post=222"}],"version-history":[{"count":2,"href":"https:\/\/institutviladomat.cat\/portfoli\/16erikamanchado\/wp-json\/wp\/v2\/posts\/222\/revisions"}],"predecessor-version":[{"id":224,"href":"https:\/\/institutviladomat.cat\/portfoli\/16erikamanchado\/wp-json\/wp\/v2\/posts\/222\/revisions\/224"}],"wp:attachment":[{"href":"https:\/\/institutviladomat.cat\/portfoli\/16erikamanchado\/wp-json\/wp\/v2\/media?parent=222"}],"wp:term":[{"taxonomy":"category","embeddable":true,"href":"https:\/\/institutviladomat.cat\/portfoli\/16erikamanchado\/wp-json\/wp\/v2\/categories?post=222"},{"taxonomy":"post_tag","embeddable":true,"href":"https:\/\/institutviladomat.cat\/portfoli\/16erikamanchado\/wp-json\/wp\/v2\/tags?post=222"}],"curies":[{"name":"wp","href":"https:\/\/api.w.org\/{rel}","templated":true}]}}