{"id":225,"date":"2018-01-04T12:08:31","date_gmt":"2018-01-04T12:08:31","guid":{"rendered":"http:\/\/institutviladomat.cat\/portfoli\/16erikamanchado\/?p=225"},"modified":"2018-01-15T12:10:49","modified_gmt":"2018-01-15T12:10:49","slug":"lectura-del-llibre","status":"publish","type":"post","link":"https:\/\/institutviladomat.cat\/portfoli\/16erikamanchado\/2018\/01\/04\/lectura-del-llibre\/","title":{"rendered":"Lectura del llibre"},"content":{"rendered":"<p>En aquet primer trimestre me tingut que llegir 3 llibres i un dells era de catal\u00e0.<\/p>\n<p>Jo m&#8217;he llegit el llibre Plut\u00f3 que \u00e9s de la fam\u00edlia del llibre wonder, un llibre molt conegut que el vaig llegir a primer.<\/p>\n<p>M&#8217;ha agradat bastant perqu\u00e8 es un llibre que esta basat en coses que constanment pasen. Es una forma de que la gent pensi d&#8217;una altra manera i la hist\u00f2ria \u00e9s molt commovedora.<\/p>\n<p><img decoding=\"async\" loading=\"lazy\" class=\"alignnone size-medium wp-image-227\" src=\"http:\/\/institutviladomat.cat\/portfoli\/16erikamanchado\/wp-content\/uploads\/sites\/104\/2018\/01\/9788416457090-198x300.png\" alt=\"\" width=\"198\" height=\"300\" srcset=\"https:\/\/institutviladomat.cat\/portfoli\/16erikamanchado\/wp-content\/uploads\/sites\/104\/2018\/01\/9788416457090-198x300.png 198w, https:\/\/institutviladomat.cat\/portfoli\/16erikamanchado\/wp-content\/uploads\/sites\/104\/2018\/01\/9788416457090.png 225w\" sizes=\"(max-width: 198px) 100vw, 198px\" \/><\/p>\n","protected":false},"excerpt":{"rendered":"<p>En aquet primer trimestre me tingut que llegir 3 llibres i un dells era de catal\u00e0. Jo m&#8217;he llegit el llibre Plut\u00f3 que \u00e9s de la fam\u00edlia del&#8230;<\/p>\n","protected":false},"author":106,"featured_media":226,"comment_status":"open","ping_status":"open","sticky":false,"template":"","format":"standard","meta":{"footnotes":""},"categories":[1],"tags":[],"_links":{"self":[{"href":"https:\/\/institutviladomat.cat\/portfoli\/16erikamanchado\/wp-json\/wp\/v2\/posts\/225"}],"collection":[{"href":"https:\/\/institutviladomat.cat\/portfoli\/16erikamanchado\/wp-json\/wp\/v2\/posts"}],"about":[{"href":"https:\/\/institutviladomat.cat\/portfoli\/16erikamanchado\/wp-json\/wp\/v2\/types\/post"}],"author":[{"embeddable":true,"href":"https:\/\/institutviladomat.cat\/portfoli\/16erikamanchado\/wp-json\/wp\/v2\/users\/106"}],"replies":[{"embeddable":true,"href":"https:\/\/institutviladomat.cat\/portfoli\/16erikamanchado\/wp-json\/wp\/v2\/comments?post=225"}],"version-history":[{"count":3,"href":"https:\/\/institutviladomat.cat\/portfoli\/16erikamanchado\/wp-json\/wp\/v2\/posts\/225\/revisions"}],"predecessor-version":[{"id":237,"href":"https:\/\/institutviladomat.cat\/portfoli\/16erikamanchado\/wp-json\/wp\/v2\/posts\/225\/revisions\/237"}],"wp:featuredmedia":[{"embeddable":true,"href":"https:\/\/institutviladomat.cat\/portfoli\/16erikamanchado\/wp-json\/wp\/v2\/media\/226"}],"wp:attachment":[{"href":"https:\/\/institutviladomat.cat\/portfoli\/16erikamanchado\/wp-json\/wp\/v2\/media?parent=225"}],"wp:term":[{"taxonomy":"category","embeddable":true,"href":"https:\/\/institutviladomat.cat\/portfoli\/16erikamanchado\/wp-json\/wp\/v2\/categories?post=225"},{"taxonomy":"post_tag","embeddable":true,"href":"https:\/\/institutviladomat.cat\/portfoli\/16erikamanchado\/wp-json\/wp\/v2\/tags?post=225"}],"curies":[{"name":"wp","href":"https:\/\/api.w.org\/{rel}","templated":true}]}}