{"id":247,"date":"2018-03-13T16:55:20","date_gmt":"2018-03-13T16:55:20","guid":{"rendered":"http:\/\/institutviladomat.cat\/portfoli\/16erikamanchado\/?p=247"},"modified":"2018-03-13T17:11:00","modified_gmt":"2018-03-13T17:11:00","slug":"infotaiment-y-parodia","status":"publish","type":"post","link":"https:\/\/institutviladomat.cat\/portfoli\/16erikamanchado\/2018\/03\/13\/infotaiment-y-parodia\/","title":{"rendered":"Infotaiment y parodia"},"content":{"rendered":"<p>En la situacion de &#8220;Televisio&#8221;, en castellano hemos hecho una parodia de una noticia y un infotaiment con el grupo.<\/p>\n<p>Y a continuaci\u00f3n hos dejo mi parodia:<\/p>\n<h1><span style=\"font-weight: 400\">Zidane con una venda en los ojos: &#8220;No veo a un Real Madrid sin Cristiano&#8221;<\/span><\/h1>\n<p><b>Zinedine Zidane<\/b><span style=\"font-weight: 400\">, entrenador del <\/span><b>Real Madrid<\/b><span style=\"font-weight: 400\">, asegur\u00f3 este mi\u00e9rcoles en rueda de prensa tras ponerse una venda en los ojos que no ve a su club sin el portugu\u00e9s <\/span><b>Cristiano Ronaldo<\/b><span style=\"font-weight: 400\">, y claro, ni a ning\u00fan otro jugador, simplemente no ve. El portugu\u00e9s podr\u00eda abandonar la entidad madridista el pr\u00f3ximo verano, que ya vuelve a casa. El jugador portugu\u00e9s tiene contrato hasta la Odisea 2021, pero su salario est\u00e1 por debajo del de gal\u00e1cticos como Lionel Messi (Barcelona) o Neymar (Par\u00eds Saint Germain). Cristiano querr\u00eda aumentar su n\u00f3mina mileurista y una posible negativa del Real Madrid podr\u00eda provocar su despegue.<\/span><\/p>\n<p><span style=\"font-weight: 400\">Zidane, no quiso hablar del despegue, pero s\u00ed dijo que Cristiano Ronaldo y el Real Madrid est\u00e1n hechos el uno para el otro como Shakira y Piqu\u00e9. &#8220;<\/span><b>Cristiano est\u00e1 en su galaxia, en el que debe estar\u201d<\/b><span style=\"font-weight: 400\">. El club, la afici\u00f3n y toda la gente le quiere, menos los cul\u00e9s, claro. Lo que ha hecho&#8230; siempre digo lo mismo. No veo un Real Madrid sin Cristiano, simplemente no lo veo. La parte deportiva es lo que me interesa m\u00e1s. \u00c9l, como siempre, en un momento un poco dif\u00edcil porque se habla de eso, 19 puntos, \u00e9l est\u00e1 ah\u00ed&#8221;, coment\u00f3.<\/span><\/p>\n<p><span style=\"font-weight: 400\">&#8220;No quiero hablar de eso (de si es un buen momento para que Cristiano pida un aumento), no habla, no ve y pronto no oir\u00e1 . El contrato y esas cosas&#8230; <\/span><b>Cristiano tiene que hablarlo con el club<\/b><span style=\"font-weight: 400\">. Lo que m\u00e1s me importa es lo que hablo con \u00e9l sobre el campo. \u00c9l no quiere hablar de otra cosa. Lo de fuera, lo gestiona \u00e9l y ah\u00ed no me meto&#8221;, apunt\u00f3.<\/span><\/p>\n<p>Y aqu\u00ed hos dejo el infotaiment que hemos hecho mi grupo:<\/p>\n<iframe width=\"100%\" height=\"400\" frameborder=\"0\" scrolling=\"https:\/\/drive.google.com\/a\/institutviladomat.cat\/file\/d\/14FmdiL3rEYZWIplQBrst5gQddAoTtgs4\/preview?usp=drivesdk\" src=\"https:\/\/drive.google.com\/a\/institutviladomat.cat\/file\/d\/14FmdiL3rEYZWIplQBrst5gQddAoTtgs4\/preview?usp=drivesdk\"><\/iframe>\n","protected":false},"excerpt":{"rendered":"<p>En la situacion de &#8220;Televisio&#8221;, en castellano hemos hecho una parodia de una noticia y un infotaiment con el grupo. Y a continuaci\u00f3n hos dejo mi parodia: Zidane&#8230;<\/p>\n","protected":false},"author":106,"featured_media":248,"comment_status":"open","ping_status":"open","sticky":false,"template":"","format":"standard","meta":{"footnotes":""},"categories":[1,8],"tags":[],"_links":{"self":[{"href":"https:\/\/institutviladomat.cat\/portfoli\/16erikamanchado\/wp-json\/wp\/v2\/posts\/247"}],"collection":[{"href":"https:\/\/institutviladomat.cat\/portfoli\/16erikamanchado\/wp-json\/wp\/v2\/posts"}],"about":[{"href":"https:\/\/institutviladomat.cat\/portfoli\/16erikamanchado\/wp-json\/wp\/v2\/types\/post"}],"author":[{"embeddable":true,"href":"https:\/\/institutviladomat.cat\/portfoli\/16erikamanchado\/wp-json\/wp\/v2\/users\/106"}],"replies":[{"embeddable":true,"href":"https:\/\/institutviladomat.cat\/portfoli\/16erikamanchado\/wp-json\/wp\/v2\/comments?post=247"}],"version-history":[{"count":4,"href":"https:\/\/institutviladomat.cat\/portfoli\/16erikamanchado\/wp-json\/wp\/v2\/posts\/247\/revisions"}],"predecessor-version":[{"id":252,"href":"https:\/\/institutviladomat.cat\/portfoli\/16erikamanchado\/wp-json\/wp\/v2\/posts\/247\/revisions\/252"}],"wp:featuredmedia":[{"embeddable":true,"href":"https:\/\/institutviladomat.cat\/portfoli\/16erikamanchado\/wp-json\/wp\/v2\/media\/248"}],"wp:attachment":[{"href":"https:\/\/institutviladomat.cat\/portfoli\/16erikamanchado\/wp-json\/wp\/v2\/media?parent=247"}],"wp:term":[{"taxonomy":"category","embeddable":true,"href":"https:\/\/institutviladomat.cat\/portfoli\/16erikamanchado\/wp-json\/wp\/v2\/categories?post=247"},{"taxonomy":"post_tag","embeddable":true,"href":"https:\/\/institutviladomat.cat\/portfoli\/16erikamanchado\/wp-json\/wp\/v2\/tags?post=247"}],"curies":[{"name":"wp","href":"https:\/\/api.w.org\/{rel}","templated":true}]}}