{"id":269,"date":"2018-06-10T18:06:25","date_gmt":"2018-06-10T18:06:25","guid":{"rendered":"http:\/\/institutviladomat.cat\/portfoli\/16erikamanchado\/?p=269"},"modified":"2018-06-20T07:41:09","modified_gmt":"2018-06-20T07:41:09","slug":"black-mirror-hated-in-the-nation","status":"publish","type":"post","link":"https:\/\/institutviladomat.cat\/portfoli\/16erikamanchado\/2018\/06\/10\/black-mirror-hated-in-the-nation\/","title":{"rendered":"Black Mirror"},"content":{"rendered":"<p>Avui 14 de maig hem vist la pelicul\u00b7la Black Mirror per comen\u00e7ar\u00a0 la situaci\u00f3 &#8220;Internet i xarxes socials&#8221;<\/p>\n<p>Tracta d&#8217;un home que crea un hastag per a matar a gent. Es a dir que la gent posava #deathTo i el nom de la persona i la persona m\u00e9s mencionada seria asesinada amb una abella que ell controlava. Pero al final de la pelicul\u00b7la moren tots els que van utilitzar el hastag. Per aix\u00f3 \u00e9s deixa el joc de les conseq\u00fcencies perqu\u00e9 ell volia reflectir que no tens que dessitjarli a ning\u00fa la mort. Sincerament ha sigut la pelicul\u00b7la m\u00e9s interesant de tot el curs.<\/p>\n<p><img decoding=\"async\" loading=\"lazy\" class=\"\" src=\"http:\/\/img1.looper.com\/img\/gallery\/black-mirror-easter-eggs-you-didnt-notice\/trending-on-twitter-hated-in-the-nation.jpg\" alt=\"Imatge relacionada\" width=\"338\" height=\"190\" \/><\/p>\n<p><img decoding=\"async\" loading=\"lazy\" class=\"\" src=\"https:\/\/vignette.wikia.nocookie.net\/warrior\/images\/3\/34\/Bee.jpg\/revision\/latest?cb=20180325202905&amp;path-prefix=ru\" alt=\"Imatge relacionada\" width=\"326\" height=\"163\" \/><\/p>\n<p>&nbsp;<\/p>\n","protected":false},"excerpt":{"rendered":"<p>Avui 14 de maig hem vist la pelicul\u00b7la Black Mirror per comen\u00e7ar\u00a0 la situaci\u00f3 &#8220;Internet i xarxes socials&#8221; Tracta d&#8217;un home que crea un hastag per a matar&#8230;<\/p>\n","protected":false},"author":106,"featured_media":307,"comment_status":"open","ping_status":"open","sticky":false,"template":"","format":"standard","meta":{"footnotes":""},"categories":[1],"tags":[],"_links":{"self":[{"href":"https:\/\/institutviladomat.cat\/portfoli\/16erikamanchado\/wp-json\/wp\/v2\/posts\/269"}],"collection":[{"href":"https:\/\/institutviladomat.cat\/portfoli\/16erikamanchado\/wp-json\/wp\/v2\/posts"}],"about":[{"href":"https:\/\/institutviladomat.cat\/portfoli\/16erikamanchado\/wp-json\/wp\/v2\/types\/post"}],"author":[{"embeddable":true,"href":"https:\/\/institutviladomat.cat\/portfoli\/16erikamanchado\/wp-json\/wp\/v2\/users\/106"}],"replies":[{"embeddable":true,"href":"https:\/\/institutviladomat.cat\/portfoli\/16erikamanchado\/wp-json\/wp\/v2\/comments?post=269"}],"version-history":[{"count":4,"href":"https:\/\/institutviladomat.cat\/portfoli\/16erikamanchado\/wp-json\/wp\/v2\/posts\/269\/revisions"}],"predecessor-version":[{"id":303,"href":"https:\/\/institutviladomat.cat\/portfoli\/16erikamanchado\/wp-json\/wp\/v2\/posts\/269\/revisions\/303"}],"wp:featuredmedia":[{"embeddable":true,"href":"https:\/\/institutviladomat.cat\/portfoli\/16erikamanchado\/wp-json\/wp\/v2\/media\/307"}],"wp:attachment":[{"href":"https:\/\/institutviladomat.cat\/portfoli\/16erikamanchado\/wp-json\/wp\/v2\/media?parent=269"}],"wp:term":[{"taxonomy":"category","embeddable":true,"href":"https:\/\/institutviladomat.cat\/portfoli\/16erikamanchado\/wp-json\/wp\/v2\/categories?post=269"},{"taxonomy":"post_tag","embeddable":true,"href":"https:\/\/institutviladomat.cat\/portfoli\/16erikamanchado\/wp-json\/wp\/v2\/tags?post=269"}],"curies":[{"name":"wp","href":"https:\/\/api.w.org\/{rel}","templated":true}]}}