{"id":273,"date":"2018-06-10T18:20:17","date_gmt":"2018-06-10T18:20:17","guid":{"rendered":"http:\/\/institutviladomat.cat\/portfoli\/16erikamanchado\/?p=273"},"modified":"2018-06-19T17:25:47","modified_gmt":"2018-06-19T17:25:47","slug":"projecte-electroimant-projecte-motor-electric","status":"publish","type":"post","link":"https:\/\/institutviladomat.cat\/portfoli\/16erikamanchado\/2018\/06\/10\/projecte-electroimant-projecte-motor-electric\/","title":{"rendered":"Projecte electroimant"},"content":{"rendered":"<p>En aquesta situaci\u00f3 d\u2019aprenentatge a tecnologia hem fet un electroimant i un motor el\u00e8ctric de corrent cont\u00ednua. I despr\u00e9s vam fer una presentaci\u00f3 que vam presentar devant de la classe que tratava de lo que habiam apres durant aquet trimestre. Sincerament no m&#8217;agradat gaire perqu\u00e9 soc molt bona en aquestes coses.<\/p>\n<p>Aqu\u00ed hos deixo la presentaci\u00f3:<\/p>\n<iframe width=\"100%\" height=\"400\" frameborder=\"0\" scrolling=\"https:\/\/docs.google.com\/presentation\/d\/1gRrV93MVOlMhaqv7XdLqJmvZpXkAExa1Ba_H4sK4qZc\/preview?usp=drivesdk\" src=\"https:\/\/docs.google.com\/presentation\/d\/1gRrV93MVOlMhaqv7XdLqJmvZpXkAExa1Ba_H4sK4qZc\/preview?usp=drivesdk\"><\/iframe>\n","protected":false},"excerpt":{"rendered":"<p>En aquesta situaci\u00f3 d\u2019aprenentatge a tecnologia hem fet un electroimant i un motor el\u00e8ctric de corrent cont\u00ednua. I despr\u00e9s vam fer una presentaci\u00f3 que vam presentar devant de&#8230;<\/p>\n","protected":false},"author":106,"featured_media":283,"comment_status":"open","ping_status":"open","sticky":false,"template":"","format":"standard","meta":{"footnotes":""},"categories":[1],"tags":[],"_links":{"self":[{"href":"https:\/\/institutviladomat.cat\/portfoli\/16erikamanchado\/wp-json\/wp\/v2\/posts\/273"}],"collection":[{"href":"https:\/\/institutviladomat.cat\/portfoli\/16erikamanchado\/wp-json\/wp\/v2\/posts"}],"about":[{"href":"https:\/\/institutviladomat.cat\/portfoli\/16erikamanchado\/wp-json\/wp\/v2\/types\/post"}],"author":[{"embeddable":true,"href":"https:\/\/institutviladomat.cat\/portfoli\/16erikamanchado\/wp-json\/wp\/v2\/users\/106"}],"replies":[{"embeddable":true,"href":"https:\/\/institutviladomat.cat\/portfoli\/16erikamanchado\/wp-json\/wp\/v2\/comments?post=273"}],"version-history":[{"count":4,"href":"https:\/\/institutviladomat.cat\/portfoli\/16erikamanchado\/wp-json\/wp\/v2\/posts\/273\/revisions"}],"predecessor-version":[{"id":287,"href":"https:\/\/institutviladomat.cat\/portfoli\/16erikamanchado\/wp-json\/wp\/v2\/posts\/273\/revisions\/287"}],"wp:featuredmedia":[{"embeddable":true,"href":"https:\/\/institutviladomat.cat\/portfoli\/16erikamanchado\/wp-json\/wp\/v2\/media\/283"}],"wp:attachment":[{"href":"https:\/\/institutviladomat.cat\/portfoli\/16erikamanchado\/wp-json\/wp\/v2\/media?parent=273"}],"wp:term":[{"taxonomy":"category","embeddable":true,"href":"https:\/\/institutviladomat.cat\/portfoli\/16erikamanchado\/wp-json\/wp\/v2\/categories?post=273"},{"taxonomy":"post_tag","embeddable":true,"href":"https:\/\/institutviladomat.cat\/portfoli\/16erikamanchado\/wp-json\/wp\/v2\/tags?post=273"}],"curies":[{"name":"wp","href":"https:\/\/api.w.org\/{rel}","templated":true}]}}