{"id":277,"date":"2018-06-19T19:31:42","date_gmt":"2018-06-19T19:31:42","guid":{"rendered":"http:\/\/institutviladomat.cat\/portfoli\/16erikamanchado\/?p=277"},"modified":"2018-06-20T07:38:24","modified_gmt":"2018-06-20T07:38:24","slug":"camp-daprenentatge-2","status":"publish","type":"post","link":"https:\/\/institutviladomat.cat\/portfoli\/16erikamanchado\/2018\/06\/19\/camp-daprenentatge-2\/","title":{"rendered":"Camp D&#8217;aprenentatge"},"content":{"rendered":"<p>Els dies 10-11-12-13 de abril tots els alumnes de segon vam anar de camp d&#8217;aprenentatge a l&#8217;Espluga de Francol\u00ed.<\/p>\n<p>Vam sortir de Barcelona a les 09:00 amb autocar i vam arribar\u00a0 just a l&#8217;hora d&#8217;esmorzar.\u00a0 Despr\u00e9s d&#8217;esmorzar ens van separar per grups classe i dins del grupclasseens van separar en dos grups. Cada grup feia una activitat diferent per exemple el meu grup vam fer una activitat sobre les carboneres on vam tindre que anar al bosc per veure una carbonera.<\/p>\n<p>Ens van acompanyar uns monitors que ens anaven explicant tot el proc\u00e9s. Em va sorprendre que a l&#8217;edat mitjana el carb\u00f3 era lo que m\u00e9s costava.<\/p>\n<p><img decoding=\"async\" loading=\"lazy\" class=\"alignnone size-medium wp-image-278\" src=\"http:\/\/institutviladomat.cat\/portfoli\/16erikamanchado\/wp-content\/uploads\/sites\/104\/2018\/06\/IMG-20180411-WA0078-300x225.jpg\" alt=\"\" width=\"300\" height=\"225\" srcset=\"https:\/\/institutviladomat.cat\/portfoli\/16erikamanchado\/wp-content\/uploads\/sites\/104\/2018\/06\/IMG-20180411-WA0078-300x225.jpg 300w, https:\/\/institutviladomat.cat\/portfoli\/16erikamanchado\/wp-content\/uploads\/sites\/104\/2018\/06\/IMG-20180411-WA0078-768x576.jpg 768w, https:\/\/institutviladomat.cat\/portfoli\/16erikamanchado\/wp-content\/uploads\/sites\/104\/2018\/06\/IMG-20180411-WA0078-1024x768.jpg 1024w, https:\/\/institutviladomat.cat\/portfoli\/16erikamanchado\/wp-content\/uploads\/sites\/104\/2018\/06\/IMG-20180411-WA0078-973x730.jpg 973w, https:\/\/institutviladomat.cat\/portfoli\/16erikamanchado\/wp-content\/uploads\/sites\/104\/2018\/06\/IMG-20180411-WA0078-508x381.jpg 508w, https:\/\/institutviladomat.cat\/portfoli\/16erikamanchado\/wp-content\/uploads\/sites\/104\/2018\/06\/IMG-20180411-WA0078.jpg 1599w\" sizes=\"(max-width: 300px) 100vw, 300px\" \/><\/p>\n<p>I despr\u00e9s vam menjar i vam fer moltes m\u00e9s activitats.<\/p>\n<p>Els dies seg\u00fcents vam fer moltes activtats i la que m\u00e9s hem va agrdar va ser escriure amb tinta. Ja que podies cesriure lo que volguesis i et donaven un paper on hi havia les lletres de l&#8217;abecedari per\u00f3 com ho escrivien en aquella epoca. Va ser molt divertit. I lo millor es que ens vam poder enportar un record d&#8217;aix\u00f3 ja que ens van donar un paper especial per a escriure lo que volguesis i emportarto.<\/p>\n<p><img decoding=\"async\" loading=\"lazy\" class=\"alignnone size-medium wp-image-304\" src=\"http:\/\/institutviladomat.cat\/portfoli\/16erikamanchado\/wp-content\/uploads\/sites\/104\/2018\/06\/IMG-20180411-WA0064-300x225.jpg\" alt=\"\" width=\"300\" height=\"225\" srcset=\"https:\/\/institutviladomat.cat\/portfoli\/16erikamanchado\/wp-content\/uploads\/sites\/104\/2018\/06\/IMG-20180411-WA0064-300x225.jpg 300w, https:\/\/institutviladomat.cat\/portfoli\/16erikamanchado\/wp-content\/uploads\/sites\/104\/2018\/06\/IMG-20180411-WA0064-768x576.jpg 768w, https:\/\/institutviladomat.cat\/portfoli\/16erikamanchado\/wp-content\/uploads\/sites\/104\/2018\/06\/IMG-20180411-WA0064-1024x768.jpg 1024w, https:\/\/institutviladomat.cat\/portfoli\/16erikamanchado\/wp-content\/uploads\/sites\/104\/2018\/06\/IMG-20180411-WA0064-973x730.jpg 973w, https:\/\/institutviladomat.cat\/portfoli\/16erikamanchado\/wp-content\/uploads\/sites\/104\/2018\/06\/IMG-20180411-WA0064-508x381.jpg 508w, https:\/\/institutviladomat.cat\/portfoli\/16erikamanchado\/wp-content\/uploads\/sites\/104\/2018\/06\/IMG-20180411-WA0064.jpg 1600w\" sizes=\"(max-width: 300px) 100vw, 300px\" \/><\/p>\n<p>Lo que m\u00e9s hem va agradar va ser la discoteca.<\/p>\n<p>I m&#8217;agues agradat que ens donessin els segons esmorzars ja que vam passar tots gana.<\/p>\n<p>&nbsp;<\/p>\n","protected":false},"excerpt":{"rendered":"<p>Els dies 10-11-12-13 de abril tots els alumnes de segon vam anar de camp d&#8217;aprenentatge a l&#8217;Espluga de Francol\u00ed. Vam sortir de Barcelona a les 09:00 amb autocar&#8230;<\/p>\n","protected":false},"author":106,"featured_media":306,"comment_status":"open","ping_status":"open","sticky":false,"template":"","format":"standard","meta":{"footnotes":""},"categories":[1],"tags":[],"_links":{"self":[{"href":"https:\/\/institutviladomat.cat\/portfoli\/16erikamanchado\/wp-json\/wp\/v2\/posts\/277"}],"collection":[{"href":"https:\/\/institutviladomat.cat\/portfoli\/16erikamanchado\/wp-json\/wp\/v2\/posts"}],"about":[{"href":"https:\/\/institutviladomat.cat\/portfoli\/16erikamanchado\/wp-json\/wp\/v2\/types\/post"}],"author":[{"embeddable":true,"href":"https:\/\/institutviladomat.cat\/portfoli\/16erikamanchado\/wp-json\/wp\/v2\/users\/106"}],"replies":[{"embeddable":true,"href":"https:\/\/institutviladomat.cat\/portfoli\/16erikamanchado\/wp-json\/wp\/v2\/comments?post=277"}],"version-history":[{"count":1,"href":"https:\/\/institutviladomat.cat\/portfoli\/16erikamanchado\/wp-json\/wp\/v2\/posts\/277\/revisions"}],"predecessor-version":[{"id":305,"href":"https:\/\/institutviladomat.cat\/portfoli\/16erikamanchado\/wp-json\/wp\/v2\/posts\/277\/revisions\/305"}],"wp:featuredmedia":[{"embeddable":true,"href":"https:\/\/institutviladomat.cat\/portfoli\/16erikamanchado\/wp-json\/wp\/v2\/media\/306"}],"wp:attachment":[{"href":"https:\/\/institutviladomat.cat\/portfoli\/16erikamanchado\/wp-json\/wp\/v2\/media?parent=277"}],"wp:term":[{"taxonomy":"category","embeddable":true,"href":"https:\/\/institutviladomat.cat\/portfoli\/16erikamanchado\/wp-json\/wp\/v2\/categories?post=277"},{"taxonomy":"post_tag","embeddable":true,"href":"https:\/\/institutviladomat.cat\/portfoli\/16erikamanchado\/wp-json\/wp\/v2\/tags?post=277"}],"curies":[{"name":"wp","href":"https:\/\/api.w.org\/{rel}","templated":true}]}}