{"id":30,"date":"2016-11-15T10:23:34","date_gmt":"2016-11-15T10:23:34","guid":{"rendered":"http:\/\/institutviladomat.cat\/portfoli\/16erikamanchado\/?p=30"},"modified":"2017-02-20T07:31:32","modified_gmt":"2017-02-20T07:31:32","slug":"casa-mila","status":"publish","type":"post","link":"https:\/\/institutviladomat.cat\/portfoli\/16erikamanchado\/2016\/11\/15\/casa-mila\/","title":{"rendered":"Casa Mil\u00e0"},"content":{"rendered":"<h1 style=\"text-align: center\">Casa Mil\u00e0 (excursi\u00f3)<\/h1>\n<pre><img decoding=\"async\" loading=\"lazy\" class=\"size-medium wp-image-34 alignleft\" src=\"http:\/\/institutviladomat.cat\/portfoli\/16erikamanchado\/wp-content\/uploads\/sites\/104\/2016\/10\/pizap.com14776449065561-300x164.jpg\" alt=\"pizap-com14776449065561\" width=\"300\" height=\"164\" srcset=\"https:\/\/institutviladomat.cat\/portfoli\/16erikamanchado\/wp-content\/uploads\/sites\/104\/2016\/10\/pizap.com14776449065561-300x164.jpg 300w, https:\/\/institutviladomat.cat\/portfoli\/16erikamanchado\/wp-content\/uploads\/sites\/104\/2016\/10\/pizap.com14776449065561-768x419.jpg 768w, https:\/\/institutviladomat.cat\/portfoli\/16erikamanchado\/wp-content\/uploads\/sites\/104\/2016\/10\/pizap.com14776449065561-1024x559.jpg 1024w, https:\/\/institutviladomat.cat\/portfoli\/16erikamanchado\/wp-content\/uploads\/sites\/104\/2016\/10\/pizap.com14776449065561-973x531.jpg 973w, https:\/\/institutviladomat.cat\/portfoli\/16erikamanchado\/wp-content\/uploads\/sites\/104\/2016\/10\/pizap.com14776449065561-508x277.jpg 508w, https:\/\/institutviladomat.cat\/portfoli\/16erikamanchado\/wp-content\/uploads\/sites\/104\/2016\/10\/pizap.com14776449065561.jpg 1277w\" sizes=\"(max-width: 300px) 100vw, 300px\" \/>El\u00a0dia 24 d'octubre vem anar a la casa Mil\u00e0.\r\nEns vem separar en dos grups en el AC BC jo \r\nera del grup AC. El nostre grup va ser el que\r\nprimer va visitar la Casa Mil\u00e0. La veritat es\r\nque  a mi no em va agradar gaire. Per\u00f3 si que \r\nes veritat que vaig aprendre moltes coses. Al\r\nprincipi de la visita no em va agradar gaire \r\nperqu\u00e8 vem estar aseguts escoltant quan es va construir i tot aix\u00f3 i a mi \r\nlo que m'agrada es mourem per la casa i veure que hi havia com era. Per\u00f3\r\nbueno a la explicaci\u00f3 es quan mes coses havia apr\u00e8s. He apres que el estil\r\nde la casa era modernista. Que estava fet per al se\u00f1or Pere Mil\u00e0 i la Se\u00f1ora\r\nRoser Regimon. Que no hi havia res recte. Que en aquella epoca no era normal\r\nja que el nom modernista o defineix que no es de l'epoca, que es de dintra \r\nuns anys que es el futur que pensa que hi haura. Bueno quan vem comen\u00e7ar a \r\npujar em vaig fixar que hi havia un acenso i els demes tambe es van enterar \r\ni van preguntar si avans tambe estava. I va dir que estava. Pero va dir que\r\nper arribar al 4rt pis per lo menys tardaven 6 min. Jo vaig pensar que per \r\naixo millor pujar amb les escaleres. Bueno quan vem arribar al terrat ens\r\nvan dir que casi ningu pujava. I jo em vaig quedar com que perque el van fer \r\ni va dir que Gaud\u00ed el va fer perqu\u00e8 volia que la casa arribes fins adalt on \r\nestan el nubols. I per fer bonic. En el terrat habien tres torres tres \r\ndecorades i les atres tres normals la rao d'aix\u00f3 era que les que estaven \r\ndecorades que es veien desde el carrer i perqu\u00e8 no es quedes cutre ho va \r\ndecorar. Despres de mirar el terrat vem anar a les golphes on normalment \r\nestenien la roba per a que s'asseques. Despres vem baixar i en les \r\nhabitacions estaben les robes que portaven i coses d'aquestes.\r\nDespres de la visita vem anar a fer una activitat<\/pre>\n<h6><img decoding=\"async\" loading=\"lazy\" class=\"wp-image-32 alignnone\" src=\"http:\/\/institutviladomat.cat\/portfoli\/16erikamanchado\/wp-content\/uploads\/sites\/104\/2016\/10\/IMG_20161024_141028-300x292.jpg\" alt=\"img_20161024_141028\" width=\"258\" height=\"252\" srcset=\"https:\/\/institutviladomat.cat\/portfoli\/16erikamanchado\/wp-content\/uploads\/sites\/104\/2016\/10\/IMG_20161024_141028-300x292.jpg 300w, https:\/\/institutviladomat.cat\/portfoli\/16erikamanchado\/wp-content\/uploads\/sites\/104\/2016\/10\/IMG_20161024_141028-768x748.jpg 768w, https:\/\/institutviladomat.cat\/portfoli\/16erikamanchado\/wp-content\/uploads\/sites\/104\/2016\/10\/IMG_20161024_141028-508x495.jpg 508w, https:\/\/institutviladomat.cat\/portfoli\/16erikamanchado\/wp-content\/uploads\/sites\/104\/2016\/10\/IMG_20161024_141028.jpg 770w\" sizes=\"(max-width: 258px) 100vw, 258px\" \/><\/h6>\n","protected":false},"excerpt":{"rendered":"<p>Casa Mil\u00e0 (excursi\u00f3) El\u00a0dia 24 d&#8217;octubre vem anar a la casa Mil\u00e0. Ens vem separar en dos grups en el AC BC jo era del grup AC. El&#8230;<\/p>\n","protected":false},"author":106,"featured_media":84,"comment_status":"open","ping_status":"open","sticky":false,"template":"","format":"standard","meta":{"footnotes":""},"categories":[1],"tags":[],"_links":{"self":[{"href":"https:\/\/institutviladomat.cat\/portfoli\/16erikamanchado\/wp-json\/wp\/v2\/posts\/30"}],"collection":[{"href":"https:\/\/institutviladomat.cat\/portfoli\/16erikamanchado\/wp-json\/wp\/v2\/posts"}],"about":[{"href":"https:\/\/institutviladomat.cat\/portfoli\/16erikamanchado\/wp-json\/wp\/v2\/types\/post"}],"author":[{"embeddable":true,"href":"https:\/\/institutviladomat.cat\/portfoli\/16erikamanchado\/wp-json\/wp\/v2\/users\/106"}],"replies":[{"embeddable":true,"href":"https:\/\/institutviladomat.cat\/portfoli\/16erikamanchado\/wp-json\/wp\/v2\/comments?post=30"}],"version-history":[{"count":3,"href":"https:\/\/institutviladomat.cat\/portfoli\/16erikamanchado\/wp-json\/wp\/v2\/posts\/30\/revisions"}],"predecessor-version":[{"id":36,"href":"https:\/\/institutviladomat.cat\/portfoli\/16erikamanchado\/wp-json\/wp\/v2\/posts\/30\/revisions\/36"}],"wp:featuredmedia":[{"embeddable":true,"href":"https:\/\/institutviladomat.cat\/portfoli\/16erikamanchado\/wp-json\/wp\/v2\/media\/84"}],"wp:attachment":[{"href":"https:\/\/institutviladomat.cat\/portfoli\/16erikamanchado\/wp-json\/wp\/v2\/media?parent=30"}],"wp:term":[{"taxonomy":"category","embeddable":true,"href":"https:\/\/institutviladomat.cat\/portfoli\/16erikamanchado\/wp-json\/wp\/v2\/categories?post=30"},{"taxonomy":"post_tag","embeddable":true,"href":"https:\/\/institutviladomat.cat\/portfoli\/16erikamanchado\/wp-json\/wp\/v2\/tags?post=30"}],"curies":[{"name":"wp","href":"https:\/\/api.w.org\/{rel}","templated":true}]}}