{"id":318,"date":"2018-10-02T09:06:13","date_gmt":"2018-10-02T09:06:13","guid":{"rendered":"http:\/\/institutviladomat.cat\/portfoli\/16erikamanchado\/?p=318"},"modified":"2018-10-02T09:13:32","modified_gmt":"2018-10-02T09:13:32","slug":"impressions-nou-curs-edifici-nou","status":"publish","type":"post","link":"https:\/\/institutviladomat.cat\/portfoli\/16erikamanchado\/2018\/10\/02\/impressions-nou-curs-edifici-nou\/","title":{"rendered":"Impressions nou curs\/edifici nou"},"content":{"rendered":"<p style=\"text-align: left\">Avui dia 17 de setembre hem comen\u00e7at el nou curs. Desgraciadament hem tornat a la rutina, que molt resumidament \u00e9s; aixecar-se a les\u00a0<span class=\"hiddenGrammarError\">06:30<\/span>\u00a0i estar a l&#8217;institut de\u00a0<span class=\"hiddenGrammarError\">08:00<\/span>\u00a0a\u00a0<span class=\"hiddenGrammarError\">14:40<\/span>.<\/p>\n<p>Sincerament no tinc gens ganes d&#8217;anar a l&#8217;institut ni de comen\u00e7ar el nou curs pels dos seg\u00fcents motius: perqu\u00e8 em fa mandra estudiar, fer deures, etc. I perqu\u00e8 comencem un dels cursos m\u00e9s complicats, 3r d&#8217;ESO.<\/p>\n<p>Jo al principi estava tranquil\u00b7la fins que tothom\u00a0<span class=\"hiddenGrammarError\">hem<\/span>\u00a0va comen\u00e7ar a dir &#8220;3r no \u00e9s ni 1r ni 2n&#8221; (indirectament\u00a0<span class=\"hiddenGrammarError\">hem<\/span>\u00a0deien que 3r \u00e9s un curs bastant dif\u00edcil). I d&#8217;all\u00e0\u00a0va sortir\u00a0<span class=\"hiddenGrammarError\">el meu estres<\/span>\u00a0i nerviosisme de comen\u00e7ar el nou curs. Espero i desitjo que em vagi b\u00e9 i poder superar tot tipus de rectes que em posin.<\/p>\n<p>Per\u00f2 \u00e9s clar de tot\u00a0<span class=\"hiddenGrammarError\">lo<\/span>\u00a0dolent es treu\u00a0<span class=\"hiddenGrammarError\">lo<\/span>\u00a0bo. L&#8217;\u00fanica ra\u00f3\u00a0per la qual\u00a0volia comen\u00e7ar el curs era per poder veure el nou institut. I sincerament\u00a0<span class=\"hiddenGrammarError\">m&#8217;<\/span>agradat bastant l&#8217;institut \u00e9s bastant c\u00f2mode i encara estan acabant de retocar unes quantes coses com per exemple la biblioteca.<\/p>\n<p>Generalment en aquest curs em posares les piles i intentar\u00e9 les millors notes possibles. Amb ganes que acabin de retocar l&#8217;institut.<\/p>\n","protected":false},"excerpt":{"rendered":"<p>Avui dia 17 de setembre hem comen\u00e7at el nou curs. Desgraciadament hem tornat a la rutina, que molt resumidament \u00e9s; aixecar-se a les\u00a006:30\u00a0i estar a l&#8217;institut de\u00a008:00\u00a0a\u00a014:40. Sincerament&#8230;<\/p>\n","protected":false},"author":106,"featured_media":0,"comment_status":"open","ping_status":"open","sticky":false,"template":"","format":"standard","meta":{"footnotes":""},"categories":[1,16],"tags":[],"_links":{"self":[{"href":"https:\/\/institutviladomat.cat\/portfoli\/16erikamanchado\/wp-json\/wp\/v2\/posts\/318"}],"collection":[{"href":"https:\/\/institutviladomat.cat\/portfoli\/16erikamanchado\/wp-json\/wp\/v2\/posts"}],"about":[{"href":"https:\/\/institutviladomat.cat\/portfoli\/16erikamanchado\/wp-json\/wp\/v2\/types\/post"}],"author":[{"embeddable":true,"href":"https:\/\/institutviladomat.cat\/portfoli\/16erikamanchado\/wp-json\/wp\/v2\/users\/106"}],"replies":[{"embeddable":true,"href":"https:\/\/institutviladomat.cat\/portfoli\/16erikamanchado\/wp-json\/wp\/v2\/comments?post=318"}],"version-history":[{"count":2,"href":"https:\/\/institutviladomat.cat\/portfoli\/16erikamanchado\/wp-json\/wp\/v2\/posts\/318\/revisions"}],"predecessor-version":[{"id":321,"href":"https:\/\/institutviladomat.cat\/portfoli\/16erikamanchado\/wp-json\/wp\/v2\/posts\/318\/revisions\/321"}],"wp:attachment":[{"href":"https:\/\/institutviladomat.cat\/portfoli\/16erikamanchado\/wp-json\/wp\/v2\/media?parent=318"}],"wp:term":[{"taxonomy":"category","embeddable":true,"href":"https:\/\/institutviladomat.cat\/portfoli\/16erikamanchado\/wp-json\/wp\/v2\/categories?post=318"},{"taxonomy":"post_tag","embeddable":true,"href":"https:\/\/institutviladomat.cat\/portfoli\/16erikamanchado\/wp-json\/wp\/v2\/tags?post=318"}],"curies":[{"name":"wp","href":"https:\/\/api.w.org\/{rel}","templated":true}]}}