{"id":324,"date":"2018-10-19T11:25:06","date_gmt":"2018-10-19T11:25:06","guid":{"rendered":"http:\/\/institutviladomat.cat\/portfoli\/16erikamanchado\/?p=324"},"modified":"2018-12-28T10:05:42","modified_gmt":"2018-12-28T10:05:42","slug":"in-time","status":"publish","type":"post","link":"https:\/\/institutviladomat.cat\/portfoli\/16erikamanchado\/2018\/10\/19\/in-time\/","title":{"rendered":"In time"},"content":{"rendered":"<p><span style=\"color: #000000\">Avui com a tancament de la situaci\u00f3\u00a0<span class=\"hiddenSpellError\">301_ElCosEsMou<\/span><span class=\"hiddenGrammarError\">:ElTempsIElRitme<\/span>\u00a0hem vist una pel\u00b7l\u00edcula anomenada &#8220;<span class=\"hiddenSpellError\">In<\/span>\u00a0<span class=\"hiddenSpellError\">Time<\/span>&#8220;.\u00a0<\/span><\/p>\n<p><span style=\"color: #000000\">&#8220;<span class=\"hiddenSpellError\">In<\/span>\u00a0<span class=\"hiddenSpellError\">Time<\/span>&#8221; una pel\u00b7l\u00edcula protagonitzada per Justin\u00a0<span class=\"hiddenSpellError\">Timberlake<\/span>\u00a0i Amanda\u00a0<span class=\"hiddenSpellError\">Seyfried<\/span>, tracta d&#8217;una societat suposadament del futur on d&#8217;alguna manera es pot dir que en comptes de viure amb diners viuen amb hores.\u00a0<span class=\"hiddenGrammarError\">Es<\/span>\u00a0a dir que quan treballes et donen hores, ja que una vegada acabades totes les hores que tens al teu rellotge mors. Tant com si treballes et donen temps tamb\u00e9 tot costa temps fins i tot una habitaci\u00f3 de luxe pot arribar a costar un any. Dintre d&#8217;aquesta societat hi ha zones bastant variades, les dels rics i les dels pobres. Per passar de zona has de pagar X temps. Aquest\u00a0\u00e9s\u00a0un concepte general sobre la\u00a0pel\u00b7l\u00edcula\u00a0per\u00f2\u00a0dins d&#8217;aix\u00f2\u00a0ja\u00a0us\u00a0podeu imaginar que\u00a0hi han molts problemes, com robatoris o\u00a0assassinats. I resumidament els dos protagonistes tracten\u00a0<span class=\"hiddenGrammarError\">de que<\/span>\u00a0la zona amb menys temps puguin tenir m\u00e9s temps, ja que\u00a0estava\u00a0tot molt descompensat.<\/span><\/p>\n<p>Personalment ha sigut la millor pel\u00b7l\u00edcula que hem vist a l&#8217;institut i amb difer\u00e8ncia, tinc ganes de comen\u00e7ar la situaci\u00f3 es veu interessant!!!<\/p>\n\n\n<figure class=\"wp-block-image\"><img decoding=\"async\" loading=\"lazy\" width=\"668\" height=\"482\" src=\"http:\/\/institutviladomat.cat\/portfoli\/16erikamanchado\/wp-content\/uploads\/sites\/104\/2018\/12\/LA_RAZON_343918_058nac02fot3.jpg\" alt=\"\" class=\"wp-image-344\" srcset=\"https:\/\/institutviladomat.cat\/portfoli\/16erikamanchado\/wp-content\/uploads\/sites\/104\/2018\/12\/LA_RAZON_343918_058nac02fot3.jpg 668w, https:\/\/institutviladomat.cat\/portfoli\/16erikamanchado\/wp-content\/uploads\/sites\/104\/2018\/12\/LA_RAZON_343918_058nac02fot3-300x216.jpg 300w, https:\/\/institutviladomat.cat\/portfoli\/16erikamanchado\/wp-content\/uploads\/sites\/104\/2018\/12\/LA_RAZON_343918_058nac02fot3-508x367.jpg 508w\" sizes=\"(max-width: 668px) 100vw, 668px\" \/><\/figure>\n","protected":false},"excerpt":{"rendered":"<p>Avui com a tancament de la situaci\u00f3\u00a0301_ElCosEsMou:ElTempsIElRitme\u00a0hem vist una pel\u00b7l\u00edcula anomenada &#8220;In\u00a0Time&#8220;.\u00a0 &#8220;In\u00a0Time&#8221; una pel\u00b7l\u00edcula protagonitzada per Justin\u00a0Timberlake\u00a0i Amanda\u00a0Seyfried, tracta d&#8217;una societat suposadament del futur on d&#8217;alguna manera&#8230;<\/p>\n","protected":false},"author":106,"featured_media":343,"comment_status":"open","ping_status":"open","sticky":false,"template":"","format":"standard","meta":{"footnotes":""},"categories":[1],"tags":[],"_links":{"self":[{"href":"https:\/\/institutviladomat.cat\/portfoli\/16erikamanchado\/wp-json\/wp\/v2\/posts\/324"}],"collection":[{"href":"https:\/\/institutviladomat.cat\/portfoli\/16erikamanchado\/wp-json\/wp\/v2\/posts"}],"about":[{"href":"https:\/\/institutviladomat.cat\/portfoli\/16erikamanchado\/wp-json\/wp\/v2\/types\/post"}],"author":[{"embeddable":true,"href":"https:\/\/institutviladomat.cat\/portfoli\/16erikamanchado\/wp-json\/wp\/v2\/users\/106"}],"replies":[{"embeddable":true,"href":"https:\/\/institutviladomat.cat\/portfoli\/16erikamanchado\/wp-json\/wp\/v2\/comments?post=324"}],"version-history":[{"count":4,"href":"https:\/\/institutviladomat.cat\/portfoli\/16erikamanchado\/wp-json\/wp\/v2\/posts\/324\/revisions"}],"predecessor-version":[{"id":345,"href":"https:\/\/institutviladomat.cat\/portfoli\/16erikamanchado\/wp-json\/wp\/v2\/posts\/324\/revisions\/345"}],"wp:featuredmedia":[{"embeddable":true,"href":"https:\/\/institutviladomat.cat\/portfoli\/16erikamanchado\/wp-json\/wp\/v2\/media\/343"}],"wp:attachment":[{"href":"https:\/\/institutviladomat.cat\/portfoli\/16erikamanchado\/wp-json\/wp\/v2\/media?parent=324"}],"wp:term":[{"taxonomy":"category","embeddable":true,"href":"https:\/\/institutviladomat.cat\/portfoli\/16erikamanchado\/wp-json\/wp\/v2\/categories?post=324"},{"taxonomy":"post_tag","embeddable":true,"href":"https:\/\/institutviladomat.cat\/portfoli\/16erikamanchado\/wp-json\/wp\/v2\/tags?post=324"}],"curies":[{"name":"wp","href":"https:\/\/api.w.org\/{rel}","templated":true}]}}