{"id":328,"date":"2018-12-04T22:26:24","date_gmt":"2018-12-04T22:26:24","guid":{"rendered":"http:\/\/institutviladomat.cat\/portfoli\/16erikamanchado\/?p=328"},"modified":"2018-12-04T22:29:36","modified_gmt":"2018-12-04T22:29:36","slug":"la-crisis-de-refugiats","status":"publish","type":"post","link":"https:\/\/institutviladomat.cat\/portfoli\/16erikamanchado\/2018\/12\/04\/la-crisis-de-refugiats\/","title":{"rendered":"La crisis de refugiats"},"content":{"rendered":"<p>Avui he vist un documental que tracta sobre la crisi dels refugiats. En el documental\u00a0<span class=\"hiddenGrammarError\">explica el perqu\u00e9 fugen<\/span>\u00a0dels seus pa\u00efsos i el que fa la Uni\u00f3 Europea davant d&#8217;aquesta crisi.<\/p>\n<p>El documental comen\u00e7a explicant que els refugiats escapen de la viol\u00e8ncia de la guerra de S\u00edria. Tamb\u00e9 explica que molts dels refugiats van als pa\u00efsos ve\u00efns perqu\u00e8 s\u00f3n els que menys risc\u00a0<span class=\"hiddenGreenError\">tenen de<\/span>\u00a0morir per\u00f2 tamb\u00e9 \u00e9s veritat que les condicions empitjoren.<\/p>\n<p>Majorit\u00e0riament\u00a0molts refugiats decideixen anar a alguna ciutat de la\u00a0uni\u00f3\u00a0Europea,\u00a0perqu\u00e8\u00a0pensen que tindran un millor futur i que encara que el cam\u00ed sigui llarg no perden res en intentar-ho, s&#8217;<span class=\"hiddenGrammarError\">equivoquen ,poden<\/span>\u00a0arribar a perdre la vida com un gran parcent\u00a0dels refugiats.<\/p>\n<p>Clar, la\u00a0uni\u00f3\u00a0Europea com reacciona?\u00a0Doncs\u00a0hi ha\u00a0<span class=\"hiddenGreenError\">tot tipus<\/span>\u00a0de\u00a0pa\u00efsos. Hi han\u00a0pa\u00efsos\u00a0que no\u00a0amolleixen\u00a0i despr\u00e9s ni\u00a0hi han\u00a0altres que\u00a0si. Per exemple a Hongria van construir una reixa de\u00a0<span class=\"hiddenGrammarError\">175km<\/span>\u00a0<span class=\"hiddenGrammarError\">per a que<\/span>\u00a0cap\u00a0immigrant\u00a0pogu\u00e9s\u00a0entrar. Tamb\u00e9\u00a0hi ha\u00a0aquells\u00a0pa\u00efsos\u00a0on els policies estan\u00a0all\u00e0\u00a0per a intentar que no\u00a0passin\u00a0i\u00a0acaben\u00a0fent mal a la gent. En canvi despr\u00e9s hi han els\u00a0<span class=\"hiddenSpellError\">ONGs<\/span>\u00a0que s&#8217;encarreguen de recollir a gent en la\u00a0Mediterr\u00e0nia. Per exemple\u00a0m\u00e8dics\u00a0sense fronteres no\u00a0<span class=\"hiddenGrammarError\">es<\/span>\u00a0una ONG concentrada als refugiats i\u00a0immigrants\u00a0paro\u00a0els darrers mesos es van concentrar en ajudar.<\/p>\n<p>Resumidament explica que molts refugiats escapen de la guerra i que encara que el viatge que fan\u00a0<span class=\"hiddenGrammarError\">es<\/span>\u00a0voluntari els\u00a0hem de\u00a0tenir un respecte i no\u00a0rebutjar-los\u00a0perqu\u00e8\u00a0han\u00a0passat\u00a0per un cam\u00ed complicat quan ells ja tenien la seva bona vida\u00a0<span class=\"hiddenSpellError\">Siria<\/span>\u00a0fins que van comen\u00e7ar les guerres.<\/p>\n<p>El seu missatge\u00a0\u00e9s\u00a0que no els\u00a0rebutgem\u00a0perqu\u00e8\u00a0segueixen sent persones com nosaltres, que\u00a0<span class=\"hiddenGrammarError\">han<\/span>\u00a0<span class=\"hiddenSpellError\">passat<\/span>\u00a0per moments molts dolents i que\u00a0hem d&#8217;ajudar\u00a0i reflexionar\u00a0sobre\u00a0que si algun dia\u00a0<span class=\"hiddenGrammarError\">ens<\/span>\u00a0<span class=\"hiddenSpellError\">pases<\/span>\u00a0no ens agradaria que\u00a0n\u00f3s\u00a0ens ajudessin.\u00a0Perqu\u00e8\u00a0hi ha\u00a0<span class=\"hiddenSpellError\">families<\/span>\u00a0que tenien de\u00a0<span class=\"hiddenGrammarError\">tot una<\/span>\u00a0bona vida un bon treball i que per culpa d&#8217;una guerra i de la seva\u00a0preocupaci\u00f3\u00a0s&#8217;han\u00a0<span class=\"hiddenGrammarError\">tingut que anar<\/span>\u00a0a un altre\u00a0pa\u00eds\u00a0<span class=\"hiddenSpellError\">ademes<\/span>\u00a0pagant\u00a0majorit\u00e0riament\u00a0<span class=\"hiddenGrammarError\">4.000\u20ac<\/span>\u00a0per fugir.<\/p>\n<p>Personalment\u00a0<span class=\"hiddenGrammarError\">m&#8217;<\/span>agradat molt aquest documental\u00a0perqu\u00e8\u00a0m&#8217;ha arribat molt al cor. El\u00a0sofriment\u00a0que estan patint\u00a0<span class=\"hiddenGrammarError\">per a que<\/span>\u00a0persones els\u00a0rebutgin\u00a0o els tornin al seu\u00a0pa\u00eds. Em sembla molt\u00a0vergony\u00f3s\u00a0<span class=\"hiddenGrammarError\">questa<\/span>\u00a0societat d&#8217;avui en\u00a0<span class=\"hiddenSpellError\">dia<\/span>. Tots\u00a0<span class=\"hiddenGrammarError\">som humans, tots amb esfor\u00e7 ens mereixem<\/span>\u00a0el que\u00a0<span class=\"hiddenGrammarError\">ens eforcem<\/span>\u00a0i jo crec que ells no es mereixen el mal tracte que\u00a0reben.<\/p>\n<p><img decoding=\"async\" src=\"http:\/\/menorcaaldia.com\/wp-content\/uploads\/2017\/10\/SIRIOS-1024x539.jpg\" alt=\"Resultado de imagen de refugiats\" \/><\/p>\n","protected":false},"excerpt":{"rendered":"<p>Avui he vist un documental que tracta sobre la crisi dels refugiats. En el documental\u00a0explica el perqu\u00e9 fugen\u00a0dels seus pa\u00efsos i el que fa la Uni\u00f3 Europea davant&#8230;<\/p>\n","protected":false},"author":106,"featured_media":332,"comment_status":"open","ping_status":"open","sticky":false,"template":"","format":"standard","meta":{"footnotes":""},"categories":[1],"tags":[],"_links":{"self":[{"href":"https:\/\/institutviladomat.cat\/portfoli\/16erikamanchado\/wp-json\/wp\/v2\/posts\/328"}],"collection":[{"href":"https:\/\/institutviladomat.cat\/portfoli\/16erikamanchado\/wp-json\/wp\/v2\/posts"}],"about":[{"href":"https:\/\/institutviladomat.cat\/portfoli\/16erikamanchado\/wp-json\/wp\/v2\/types\/post"}],"author":[{"embeddable":true,"href":"https:\/\/institutviladomat.cat\/portfoli\/16erikamanchado\/wp-json\/wp\/v2\/users\/106"}],"replies":[{"embeddable":true,"href":"https:\/\/institutviladomat.cat\/portfoli\/16erikamanchado\/wp-json\/wp\/v2\/comments?post=328"}],"version-history":[{"count":4,"href":"https:\/\/institutviladomat.cat\/portfoli\/16erikamanchado\/wp-json\/wp\/v2\/posts\/328\/revisions"}],"predecessor-version":[{"id":333,"href":"https:\/\/institutviladomat.cat\/portfoli\/16erikamanchado\/wp-json\/wp\/v2\/posts\/328\/revisions\/333"}],"wp:featuredmedia":[{"embeddable":true,"href":"https:\/\/institutviladomat.cat\/portfoli\/16erikamanchado\/wp-json\/wp\/v2\/media\/332"}],"wp:attachment":[{"href":"https:\/\/institutviladomat.cat\/portfoli\/16erikamanchado\/wp-json\/wp\/v2\/media?parent=328"}],"wp:term":[{"taxonomy":"category","embeddable":true,"href":"https:\/\/institutviladomat.cat\/portfoli\/16erikamanchado\/wp-json\/wp\/v2\/categories?post=328"},{"taxonomy":"post_tag","embeddable":true,"href":"https:\/\/institutviladomat.cat\/portfoli\/16erikamanchado\/wp-json\/wp\/v2\/tags?post=328"}],"curies":[{"name":"wp","href":"https:\/\/api.w.org\/{rel}","templated":true}]}}