{"id":359,"date":"2019-01-23T11:32:44","date_gmt":"2019-01-23T11:32:44","guid":{"rendered":"http:\/\/institutviladomat.cat\/portfoli\/16erikamanchado\/?p=359"},"modified":"2019-04-12T04:43:28","modified_gmt":"2019-04-12T04:43:28","slug":"milonga-del-moro-judio","status":"publish","type":"post","link":"https:\/\/institutviladomat.cat\/portfoli\/16erikamanchado\/2019\/01\/23\/milonga-del-moro-judio\/","title":{"rendered":"Milonga del Moro Jud\u00edo"},"content":{"rendered":"\n<p>La &#8220;milonga del moro jud\u00edo&#8221; \u00e9s una can\u00e7\u00f3 escrita per Jorge Drexler.  <\/p>\n\n\n\n<p>Aquesta can\u00e7\u00f3 tracta d&#8217;un noi que conviu amb dues religions diferents, cristians i jueus. Tamb\u00e9 parla sobre la igualtat de religions. \u00c9s a dir que ja siguis cristi\u00e0, com musulm\u00e0 o jueu, som tots persones iguals amb els mateixos drets humans. A m\u00e9s a m\u00e9s est\u00e0 en contra de les guerres. Diu que d\u00f3na igual quin uniforme portis o en quin b\u00e0ndol estiguis, que la guerra \u00e9s el pitjor i no ens ensenya res bo. &nbsp;Finalment comenta que siguis de la religi\u00f3 que siguis no ets millor i que encara que gent de tal religi\u00f3 hagi fet x cosa no significa que ell per ser d&#8217;aquella religi\u00f3 estigui implicat amb aix\u00f2.<\/p>\n\n\n\n<p>La can\u00e7\u00f3 es troba estructurada en un tipus d&#8217;estrofa anomenada &#8220;d\u00e8cima&#8221;  que \u00e9s un tipus d&#8217;estrofa utilitzada freq\u00fcentment dins de la poesia xilena.  Es troba constitu\u00efda per estrofes de 10 versos i 8 s\u00edl\u00b7labes. El compositor reflexiona de que coses que pensem que son identit\u00e0ries del nostre pa\u00eds per\u00f2 a vegades, amb alguna variaci\u00f3, son la identitat de diversos pa\u00efsos.<\/p>\n\n\n\n<p>Personalment estic d&#8217;acord amb el que diu la can\u00e7\u00f3. I penso que tothom som com som per\u00f2 sempre hi ha alguna cosa que ens uneix.<\/p>\n\n\n\n<figure class=\"wp-block-embed-youtube wp-block-embed is-type-video is-provider-youtube wp-embed-aspect-4-3 wp-has-aspect-ratio\"><div class=\"wp-block-embed__wrapper\">\n<iframe loading=\"lazy\" width=\"620\" height=\"465\" src=\"https:\/\/www.youtube.com\/embed\/myVi6pVYYb8?feature=oembed\" frameborder=\"0\" allow=\"accelerometer; autoplay; encrypted-media; gyroscope; picture-in-picture\" allowfullscreen><\/iframe>\n<\/div><\/figure>\n","protected":false},"excerpt":{"rendered":"<p>La &#8220;milonga del moro jud\u00edo&#8221; \u00e9s una can\u00e7\u00f3 escrita per Jorge Drexler. Aquesta can\u00e7\u00f3 tracta d&#8217;un noi que conviu amb dues religions diferents, cristians i jueus. Tamb\u00e9 parla&#8230;<\/p>\n","protected":false},"author":106,"featured_media":382,"comment_status":"open","ping_status":"open","sticky":false,"template":"","format":"standard","meta":{"footnotes":""},"categories":[1],"tags":[],"_links":{"self":[{"href":"https:\/\/institutviladomat.cat\/portfoli\/16erikamanchado\/wp-json\/wp\/v2\/posts\/359"}],"collection":[{"href":"https:\/\/institutviladomat.cat\/portfoli\/16erikamanchado\/wp-json\/wp\/v2\/posts"}],"about":[{"href":"https:\/\/institutviladomat.cat\/portfoli\/16erikamanchado\/wp-json\/wp\/v2\/types\/post"}],"author":[{"embeddable":true,"href":"https:\/\/institutviladomat.cat\/portfoli\/16erikamanchado\/wp-json\/wp\/v2\/users\/106"}],"replies":[{"embeddable":true,"href":"https:\/\/institutviladomat.cat\/portfoli\/16erikamanchado\/wp-json\/wp\/v2\/comments?post=359"}],"version-history":[{"count":3,"href":"https:\/\/institutviladomat.cat\/portfoli\/16erikamanchado\/wp-json\/wp\/v2\/posts\/359\/revisions"}],"predecessor-version":[{"id":383,"href":"https:\/\/institutviladomat.cat\/portfoli\/16erikamanchado\/wp-json\/wp\/v2\/posts\/359\/revisions\/383"}],"wp:featuredmedia":[{"embeddable":true,"href":"https:\/\/institutviladomat.cat\/portfoli\/16erikamanchado\/wp-json\/wp\/v2\/media\/382"}],"wp:attachment":[{"href":"https:\/\/institutviladomat.cat\/portfoli\/16erikamanchado\/wp-json\/wp\/v2\/media?parent=359"}],"wp:term":[{"taxonomy":"category","embeddable":true,"href":"https:\/\/institutviladomat.cat\/portfoli\/16erikamanchado\/wp-json\/wp\/v2\/categories?post=359"},{"taxonomy":"post_tag","embeddable":true,"href":"https:\/\/institutviladomat.cat\/portfoli\/16erikamanchado\/wp-json\/wp\/v2\/tags?post=359"}],"curies":[{"name":"wp","href":"https:\/\/api.w.org\/{rel}","templated":true}]}}