{"id":388,"date":"2019-04-10T18:14:08","date_gmt":"2019-04-10T18:14:08","guid":{"rendered":"http:\/\/institutviladomat.cat\/portfoli\/16erikamanchado\/?p=388"},"modified":"2019-04-12T05:16:08","modified_gmt":"2019-04-12T05:16:08","slug":"388","status":"publish","type":"post","link":"https:\/\/institutviladomat.cat\/portfoli\/16erikamanchado\/2019\/04\/10\/388\/","title":{"rendered":"Dia Escolar de la no viol\u00e8ncia i la pau"},"content":{"rendered":"\n<p>Avui 30 de gener el dia de la Pau a tutoria hem treballat m\u00e9s sobre el&nbsp;D<strong>ia Escolar de la No Viol\u00e8ncia i la Pau<\/strong>.&nbsp;Hem vist un v\u00eddeo i hem fet un petit debat. Despr\u00e9s hem llegit la declaraci\u00f3 universal dels drets humans i cada grup havia d&#8217;agafar un article i posar un exemple. El meu grup hem escollit l\u2019article 9. A continuaci\u00f3 us deixo l&#8217;enlla\u00e7:<\/p>\n\n\n\n<p><a href=\"https:\/\/docs.google.com\/presentation\/d\/1zo2z8QtBqUvXzl36YRdOXXFC3rKHFMXf2EDXwGHWtCw\/edit?usp=sharing\">https:\/\/docs.google.com\/presentation\/d\/1zo2z8QtBqUvXzl36YRdOXXFC3rKHFMXf2EDXwGHWtCw\/edit?usp=sharing<\/a><\/p>\n","protected":false},"excerpt":{"rendered":"<p>Avui 30 de gener el dia de la Pau a tutoria hem treballat m\u00e9s sobre el&nbsp;Dia Escolar de la No Viol\u00e8ncia i la Pau.&nbsp;Hem vist un v\u00eddeo i&#8230;<\/p>\n","protected":false},"author":106,"featured_media":391,"comment_status":"open","ping_status":"open","sticky":false,"template":"","format":"standard","meta":{"footnotes":""},"categories":[19,1],"tags":[],"_links":{"self":[{"href":"https:\/\/institutviladomat.cat\/portfoli\/16erikamanchado\/wp-json\/wp\/v2\/posts\/388"}],"collection":[{"href":"https:\/\/institutviladomat.cat\/portfoli\/16erikamanchado\/wp-json\/wp\/v2\/posts"}],"about":[{"href":"https:\/\/institutviladomat.cat\/portfoli\/16erikamanchado\/wp-json\/wp\/v2\/types\/post"}],"author":[{"embeddable":true,"href":"https:\/\/institutviladomat.cat\/portfoli\/16erikamanchado\/wp-json\/wp\/v2\/users\/106"}],"replies":[{"embeddable":true,"href":"https:\/\/institutviladomat.cat\/portfoli\/16erikamanchado\/wp-json\/wp\/v2\/comments?post=388"}],"version-history":[{"count":2,"href":"https:\/\/institutviladomat.cat\/portfoli\/16erikamanchado\/wp-json\/wp\/v2\/posts\/388\/revisions"}],"predecessor-version":[{"id":392,"href":"https:\/\/institutviladomat.cat\/portfoli\/16erikamanchado\/wp-json\/wp\/v2\/posts\/388\/revisions\/392"}],"wp:featuredmedia":[{"embeddable":true,"href":"https:\/\/institutviladomat.cat\/portfoli\/16erikamanchado\/wp-json\/wp\/v2\/media\/391"}],"wp:attachment":[{"href":"https:\/\/institutviladomat.cat\/portfoli\/16erikamanchado\/wp-json\/wp\/v2\/media?parent=388"}],"wp:term":[{"taxonomy":"category","embeddable":true,"href":"https:\/\/institutviladomat.cat\/portfoli\/16erikamanchado\/wp-json\/wp\/v2\/categories?post=388"},{"taxonomy":"post_tag","embeddable":true,"href":"https:\/\/institutviladomat.cat\/portfoli\/16erikamanchado\/wp-json\/wp\/v2\/tags?post=388"}],"curies":[{"name":"wp","href":"https:\/\/api.w.org\/{rel}","templated":true}]}}