{"id":393,"date":"2019-04-09T16:22:00","date_gmt":"2019-04-09T16:22:00","guid":{"rendered":"http:\/\/institutviladomat.cat\/portfoli\/16erikamanchado\/?p=393"},"modified":"2019-04-12T16:22:23","modified_gmt":"2019-04-12T16:22:23","slug":"freightened","status":"publish","type":"post","link":"https:\/\/institutviladomat.cat\/portfoli\/16erikamanchado\/2019\/04\/09\/freightened\/","title":{"rendered":"Freightened"},"content":{"rendered":"\n<p>Com a tancament de la situaci\u00f3 SA_303 hem vist un documental que parla principalment del comer\u00e7 de roba i la contaminaci\u00f3 que arribem a fer amb tot aquest tema.<\/p>\n\n\n\n<p>A mi m&#8217;ha fet pensar i reflexionar que fins i tot comprant x coses col\u00b7laborem al malgast i a la contaminaci\u00f3 mar\u00edtima pels vaixells que van de punta a punta porten els materials que acabem comprant. A part de parlar de la contaminaci\u00f3 tamb\u00e9 parla de l&#8217;engany que hi ha cap als consumidors a l&#8217;hora de les etiquetes &#8220;made in&#8221; perqu\u00e8 solen posar el pa\u00eds o lloc on ha sigut col\u00b7locada l&#8217;\u00faltima cosa de la pe\u00e7a de roba. Perqu\u00e8 encara que digui made in Taiwan o on sigui en realitat tan els materials com la m\u00e0 d&#8217;obra es de variats pa\u00efsos. <\/p>\n\n\n\n<p>Personalment no m&#8217;ha agradat molt perqu\u00e8 s&#8217;ha fet molt llarg per\u00f2 est\u00e0 molt ben fet per fer-nos conscients de la nostra participaci\u00f3 a una de les coses que m\u00e9s contaminen d&#8217;aquest m\u00f3n.<\/p>\n","protected":false},"excerpt":{"rendered":"<p>Com a tancament de la situaci\u00f3 SA_303 hem vist un documental que parla principalment del comer\u00e7 de roba i la contaminaci\u00f3 que arribem a fer amb tot aquest&#8230;<\/p>\n","protected":false},"author":106,"featured_media":394,"comment_status":"open","ping_status":"open","sticky":false,"template":"","format":"standard","meta":{"footnotes":""},"categories":[18],"tags":[],"_links":{"self":[{"href":"https:\/\/institutviladomat.cat\/portfoli\/16erikamanchado\/wp-json\/wp\/v2\/posts\/393"}],"collection":[{"href":"https:\/\/institutviladomat.cat\/portfoli\/16erikamanchado\/wp-json\/wp\/v2\/posts"}],"about":[{"href":"https:\/\/institutviladomat.cat\/portfoli\/16erikamanchado\/wp-json\/wp\/v2\/types\/post"}],"author":[{"embeddable":true,"href":"https:\/\/institutviladomat.cat\/portfoli\/16erikamanchado\/wp-json\/wp\/v2\/users\/106"}],"replies":[{"embeddable":true,"href":"https:\/\/institutviladomat.cat\/portfoli\/16erikamanchado\/wp-json\/wp\/v2\/comments?post=393"}],"version-history":[{"count":1,"href":"https:\/\/institutviladomat.cat\/portfoli\/16erikamanchado\/wp-json\/wp\/v2\/posts\/393\/revisions"}],"predecessor-version":[{"id":395,"href":"https:\/\/institutviladomat.cat\/portfoli\/16erikamanchado\/wp-json\/wp\/v2\/posts\/393\/revisions\/395"}],"wp:featuredmedia":[{"embeddable":true,"href":"https:\/\/institutviladomat.cat\/portfoli\/16erikamanchado\/wp-json\/wp\/v2\/media\/394"}],"wp:attachment":[{"href":"https:\/\/institutviladomat.cat\/portfoli\/16erikamanchado\/wp-json\/wp\/v2\/media?parent=393"}],"wp:term":[{"taxonomy":"category","embeddable":true,"href":"https:\/\/institutviladomat.cat\/portfoli\/16erikamanchado\/wp-json\/wp\/v2\/categories?post=393"},{"taxonomy":"post_tag","embeddable":true,"href":"https:\/\/institutviladomat.cat\/portfoli\/16erikamanchado\/wp-json\/wp\/v2\/tags?post=393"}],"curies":[{"name":"wp","href":"https:\/\/api.w.org\/{rel}","templated":true}]}}