{"id":415,"date":"2019-04-15T14:10:32","date_gmt":"2019-04-15T14:10:32","guid":{"rendered":"http:\/\/institutviladomat.cat\/portfoli\/16erikamanchado\/?p=415"},"modified":"2019-06-11T21:02:03","modified_gmt":"2019-06-11T21:02:03","slug":"setmana-esportiva","status":"publish","type":"post","link":"https:\/\/institutviladomat.cat\/portfoli\/16erikamanchado\/2019\/04\/15\/setmana-esportiva\/","title":{"rendered":"Setmana esportiva"},"content":{"rendered":"\n<p>El passat 9 d&#8217;abril, com a tancament de tr\u00edmetre vam estar tota la setmana fent esport i altres activitats.<\/p>\n\n\n\n<p>El primer dia, el 9 d&#8217;abril, vam anar a la Marbella on vam jugar a volei. Ens vam dividir en petits grups i vam fer competicions. Va ser l&#8217;activitat que menys em va agradar. A m\u00e9s feia fred i hav\u00edem d&#8217;anar descal\u00e7os i era una sensaci\u00f3 estranya i dolenta. Tampoc em va agradar per la monitora que ens va tocar, tenia poca paci\u00e8ncia i a mi se&#8217;m d\u00f3na molt malament el volei i per aix\u00f2 em va acabar mirant amb cara de fastig per\u00f2 a part d&#8217;aix\u00f2 les vistes de la platja eres super boniques. <\/p>\n\n\n\n<div class=\"wp-block-image\"><figure class=\"aligncenter is-resized\"><img decoding=\"async\" loading=\"lazy\" src=\"https:\/\/lh5.googleusercontent.com\/mbaLRZj6Tb2VmYJ8_0gINhJoiejoT9G8YsgJhTo2_qmS4pbCi5fBRZ537KxNiYYkXJ1mtix-hCd6IDAmIVGxv0ZvyPlt5x6qx1VOFNlsbh8me08o3SsK_exMt7aKBPpVj102ckE\" alt=\"\" width=\"400\" height=\"300\" \/><\/figure><\/div>\n\n\n\n<p>El segon d\u00eda, el 10 d&#8217;abril, vam anar al INEFC (Institut Nacional d\u2019Educaci\u00f3 F\u00edsica de Catalunya) que es situa al costat del Palau Sant Jordi, a Montju\u00efc.&nbsp;Em va sorprende molt el fet de que hagues aquest institut ja que mai m&#8217;hi havia fixat. Ens van dona runa cherrada a tot el curs y a molta m\u00e9s gent parlant sobre fel que feien y com funciona. Tamb\u00e9 van parlar de les carreres que es podien agafar. Y despr\u00e9s quan va acabar la xerrada vam poder anar lliurament a veure tot el institut. Realment l&#8217;explicaci\u00f3 s&#8217;em va fer innecess\u00e0ria ja que era per a gente que estaven a poc temps de com en comen\u00e7ar una carrera. En canvi nosaltres encara tenim 14 anys. Pero si que em va agradar poder visitar els diferents apartats y sales de diferents esports, encara que no m&#8217;hi agradi l&#8217;esport.<\/p>\n\n\n\n<p>El tercer dia, el 11 d&#8217;abril, ens van fer dos xerrades. Una de la violencia de g\u00e8nere qual ens la va fer dos agents de ka gyardia urban. I l&#8217;altre sobre la sexualitat. El de violencia de g\u00e8nere em va semblar una bona idea i em va agradar molt. En canvi la de la sexualitats jo li tenie moltes ganes i em va deseure bastant encara que no va ser per culoa de la qui hi explicava. Nom\u00e9s que faltaba temps i tamb\u00e9 la gent no paraba de xerrar i molestar.<\/p>\n\n\n\n<p>El quart y \u00faltim dia, 12 d&#8217;abril, vam anar a Granollers a fer b\u00e0dminton. Em va fe rmolta il\u00b7lusi\u00f3 per el simple fet de que avans jo hi vivia a Granollers. L&#8217;activitat en concret va ser la millor de totes. Es tractava de que amb parelles teniem que competir hi encara que vaug perdre tots els partits m&#8217;ho vaig pasar genial. M&#8217;agradaria repetir-ho. <\/p>\n","protected":false},"excerpt":{"rendered":"<p>El passat 9 d&#8217;abril, com a tancament de tr\u00edmetre vam estar tota la setmana fent esport i altres activitats. El primer dia, el 9 d&#8217;abril, vam anar a&#8230;<\/p>\n","protected":false},"author":106,"featured_media":433,"comment_status":"open","ping_status":"open","sticky":false,"template":"","format":"standard","meta":{"footnotes":""},"categories":[20,1],"tags":[],"_links":{"self":[{"href":"https:\/\/institutviladomat.cat\/portfoli\/16erikamanchado\/wp-json\/wp\/v2\/posts\/415"}],"collection":[{"href":"https:\/\/institutviladomat.cat\/portfoli\/16erikamanchado\/wp-json\/wp\/v2\/posts"}],"about":[{"href":"https:\/\/institutviladomat.cat\/portfoli\/16erikamanchado\/wp-json\/wp\/v2\/types\/post"}],"author":[{"embeddable":true,"href":"https:\/\/institutviladomat.cat\/portfoli\/16erikamanchado\/wp-json\/wp\/v2\/users\/106"}],"replies":[{"embeddable":true,"href":"https:\/\/institutviladomat.cat\/portfoli\/16erikamanchado\/wp-json\/wp\/v2\/comments?post=415"}],"version-history":[{"count":2,"href":"https:\/\/institutviladomat.cat\/portfoli\/16erikamanchado\/wp-json\/wp\/v2\/posts\/415\/revisions"}],"predecessor-version":[{"id":432,"href":"https:\/\/institutviladomat.cat\/portfoli\/16erikamanchado\/wp-json\/wp\/v2\/posts\/415\/revisions\/432"}],"wp:featuredmedia":[{"embeddable":true,"href":"https:\/\/institutviladomat.cat\/portfoli\/16erikamanchado\/wp-json\/wp\/v2\/media\/433"}],"wp:attachment":[{"href":"https:\/\/institutviladomat.cat\/portfoli\/16erikamanchado\/wp-json\/wp\/v2\/media?parent=415"}],"wp:term":[{"taxonomy":"category","embeddable":true,"href":"https:\/\/institutviladomat.cat\/portfoli\/16erikamanchado\/wp-json\/wp\/v2\/categories?post=415"},{"taxonomy":"post_tag","embeddable":true,"href":"https:\/\/institutviladomat.cat\/portfoli\/16erikamanchado\/wp-json\/wp\/v2\/tags?post=415"}],"curies":[{"name":"wp","href":"https:\/\/api.w.org\/{rel}","templated":true}]}}