{"id":417,"date":"2019-06-11T16:37:08","date_gmt":"2019-06-11T16:37:08","guid":{"rendered":"http:\/\/institutviladomat.cat\/portfoli\/16erikamanchado\/?p=417"},"modified":"2019-06-11T20:58:33","modified_gmt":"2019-06-11T20:58:33","slug":"sortida-al-museu-de-la-ciencia-i-de-la-tecnica-de-catalunya","status":"publish","type":"post","link":"https:\/\/institutviladomat.cat\/portfoli\/16erikamanchado\/2019\/06\/11\/sortida-al-museu-de-la-ciencia-i-de-la-tecnica-de-catalunya\/","title":{"rendered":"Sortida al Museu de la Ci\u00e8ncia i de la T\u00e8cnica de Catalunya"},"content":{"rendered":"\n<div class=\"wp-block-image\"><figure class=\"alignright is-resized\"><img decoding=\"async\" loading=\"lazy\" src=\"https:\/\/lh6.googleusercontent.com\/YQDxnD1UetAq28Eh0yYwVAVi0EQ_9BBUAKurred9uIvwMg7ePKXrxRVR_Tee0PZxJOeXWtFJIA7n13ewITkw1aXiahLLn_6XoVDLLHfwLgzPCtXFA5IYOpjfE9eXVH4MEPhCirmN\" alt=\"\" width=\"289\" height=\"221\" \/><figcaption>Museu de la Ci\u00e8ncia i de la T\u00e8cnica<\/figcaption><\/figure><\/div>\n\n\n\n<p>El passat dimarts 4 vam anar tot 3r a visitar el mNACTEC (Museu de la Ci\u00e8ncia i de la T\u00e8cnica de Catalunya) de Terrassa. Ens van fer dues explicacions de les quals nom\u00e9s parlar\u00e9 d\u2019una que va ser la de la f\u00e0brica t\u00e8xtil i l&#8217;estil de vida que tenien els treballadors de la f\u00e0brica.<\/p>\n\n\n\n<div class=\"wp-block-image\"><figure class=\"alignleft is-resized\"><img decoding=\"async\" loading=\"lazy\" src=\"https:\/\/lh3.googleusercontent.com\/bu35VF6LDbtj4n-2C7uFJB_BU3RulVzc1tI1UkfdXlo_-nVSZxGyqbzOHHmJJtCnr4A4_r_U1ziAr5JtTL5GIhNagjGdqdoANkiEwKF4WJ3ka-QjLLqlgchh5yM3J0kaL8MVUW9H\" alt=\"\" width=\"312\" height=\"179\" \/><figcaption>Maqueta<\/figcaption><\/figure><\/div>\n\n\n\n<div class=\"wp-block-image\"><figure class=\"alignright is-resized\"><img decoding=\"async\" loading=\"lazy\" src=\"https:\/\/lh5.googleusercontent.com\/B0jiKh_6cKP0oz6J-dTmAKobMgBMziiDD8DjEM8-owIA595iHiCbDdi13J_kXbgk-A3OT5bVv9-ESJ3ancQDIvdW9Xi0ocMDu7q_lFxmS0r8R6v_oixCFelp-EFXhKbCJK2QgXfu\" alt=\"\" width=\"306\" height=\"202\" \/><\/figure><\/div>\n\n\n\n<p style=\"text-align:right\">En Marc, el noi qui ens va explicar tot sobre la f\u00e0brica t\u00e8xtil, ens va ensenyar una maqueta de la f\u00e0brica.  Ens va explicar que en la fabrica hi havien moltes m\u00e0quines i que totes eren impulsades per una gran roda que funcionava amb vapor.<\/p>\n\n\n\n<p>Tamb\u00e9 ens va explicar que el sostre de la f\u00e0brica va ser molt destacada en aquella \u00e8poca, perqu\u00e8 el constructor volia fer una arquitectura modernista com Antoni Gaud\u00ed. Ens va explicar que la forma d\u2019onada i la seva direcci\u00f3 era per a que entres tota la llum natural possible. <\/p>\n\n\n\n<figure class=\"wp-block-image\"><img decoding=\"async\" src=\"https:\/\/lh4.googleusercontent.com\/Qq4cOZBztbRk9BAKuRNPY8D-G0hQRyXAwecqj1uF_LiEk1VyrscRU3rNMz4j8AYGYJsbxYWQIPFCZrDitCXk0gvIHz_7VvqJgikQgJrMoDjPeXrJqgfmyW3-I-05r4xjXk-JizAO\" alt=\"\" \/><figcaption><strong>A continuaci\u00f3 ens va ensenyar la roda que impulsava les m\u00e0quines<\/strong><\/figcaption><\/figure>\n\n\n\n<div class=\"wp-block-image\"><figure class=\"alignright is-resized\"><img decoding=\"async\" loading=\"lazy\" src=\"https:\/\/lh6.googleusercontent.com\/FU74QTcohqt43vqU6ju2EgE0NkAvSQtb-_KTGNTeS8wZf_z4p2s4uvocYQcJ_kWP5sKgWDR3uHGKJQ7eDJ98tdhOV6F9Tujc5NZb2SHaGqeDN_ITb8wAq140Doz_RCzk3B03OKQ4\" alt=\"\" width=\"319\" height=\"182\" \/><\/figure><\/div>\n\n\n\n<p>Despr\u00e9s ens va ensenyar dos despatxos molt elegants encara que un m\u00e9s que l\u2019altre. Ens van comentar que estaven separats de la f\u00e1brica perqu\u00e8 en aquella \u00e8poca les persones importants no tenien cap contacte amb els treballadors. Els tractaven com persones molt inferiors.Un del despatxos tenia una caixa fort on es guardava tots els diners.<\/p>\n\n\n\n<div class=\"wp-block-image\"><figure class=\"alignleft\"><img decoding=\"async\" src=\"https:\/\/lh4.googleusercontent.com\/ub0KpaySDTFLCyGo4KzZwgQL6FgLUwDKvrWT4hDLzXsQN2d2v7ys92lkX83bUqgftNP-MdbZvKuchso6paRc45vGMF0PrS18h-cvK5em7j51IAyIHkouRVB4UXBJ8EjDzDMwrAGr\" alt=\"\" \/><\/figure><\/div>\n\n\n\n<p>Seguidament vam anar a veure una imatge de l&#8217;\u00e8poca. Era una imatge gris i gran on sortien treballadors de la f\u00e0brica hi havien edats variades. Estaven tots desanimats i amb mala cara. En aquella \u00e8poca tots treballaven molt per un sou molt baix.<\/p>\n\n\n\n<p><\/p>\n\n\n\n<p style=\"text-align:center\">Despr\u00e9s vam anar a veure les m\u00e0quines que utilitzaven per fer de la llana un teixit. Eren les \u00faniques m\u00e0quines que necessitaven perqu\u00e8 la fabrica es concentrava nom\u00e9s amb la llana. Cada m\u00e0quina era un pas. A continuaci\u00f3 us explicar\u00e9 els passos:<\/p>\n\n\n\n<div class=\"wp-block-image\"><figure class=\"alignleft\"><img decoding=\"async\" src=\"https:\/\/lh6.googleusercontent.com\/5yV7L9Q67-wNtV1uSuFz5ZAWNOe-T1vUobbw1H-xA64p6LEeBW_gDq7zXrVgUxI1c7733Ah9wXk7OSamvqNk9PJqn-41wPqgDkkXQ3kipKRjVKbYaNDJGrg57NURqiKUSh5gpNkZ\" alt=\"\" \/><\/figure><\/div>\n\n\n\n<p>                                                       Aquests passos es feien fora de la f\u00e0brica.                                    1.Esquilar l\u2019ovella                 2.Netejar la llana<br><\/p>\n\n\n\n<p><\/p>\n\n\n\n<div class=\"wp-block-image\"><figure class=\"alignright\"><img decoding=\"async\" src=\"https:\/\/lh5.googleusercontent.com\/gI727M8yq4f7v7blVA2FGvfyTlnpYMhRJjhJofza-D0g3W_Jni6bHGIuYg8VcHeYYFe7MnuD5Mx3XKtmvynJPw365BQ5SxxBB-F8RD10lu9K_vabZjindnTSiWeXQTy4owcZlBwv\" alt=\"\" \/><\/figure><\/div>\n\n\n\n<p>            <\/p>\n\n\n\n<p>3.Separar la llana(el diable, la maquina qual s&#8217;utilitza per fer aquest pas, era la m\u00e9s perillosa)            <\/p>\n\n\n\n<p><\/p>\n\n\n\n<div class=\"wp-block-image\"><figure class=\"alignleft\"><img decoding=\"async\" src=\"https:\/\/lh6.googleusercontent.com\/ecxWAv32YyETfKJrxQDsY5ck9mCm9YSocNnsbBAzFs4UPTkrpfv684HQgTqUfq6UV-a-txAmoXMTIX7TEf8Cx0SocRpwCGYr1Hh0IInKXfMS9MrUzDpQUU5LGgqU5AB8G-i4k_BH\" alt=\"\" \/><\/figure><\/div>\n\n\n\n<p><\/p>\n\n\n\n<p>4.Ordinar la llana(amb el ordidor)<\/p>\n\n\n\n<p><\/p>\n\n\n\n<p><\/p>\n\n\n\n<div class=\"wp-block-image\"><figure class=\"alignright\"><img decoding=\"async\" src=\"https:\/\/lh3.googleusercontent.com\/isN_FbJeQf2cfTXqo6vxNa4NsXD_MN0jTQ8dC1hB-W68LuPaChzJoDitLwaM2VByTcYuYqflPrQfRlieNO4Hyt2DXi-PuK7OvqcE0XQgWGaqu4wmdlGtdgItMS6WFp3Rv1hwPnge\" alt=\"\" \/><\/figure><\/div>\n\n\n\n<p><\/p>\n\n\n\n<p>                                    5.Fer el teixit<br><\/p>\n\n\n\n<p><\/p>\n\n\n\n<div class=\"wp-block-image\"><figure class=\"alignleft\"><img decoding=\"async\" src=\"https:\/\/lh3.googleusercontent.com\/6X9ZMHnWBs4mTeUKVpRHaNOcVDTHNM5MQD6vwyquyuXnsCokbgo0xlBhBlZfwPcbZisH8mrvNbs_VIOGLDqn3_Hr7UAza_qpqxYWfdxuMfTlbqlR3PMryGhw19mF0Q1QooafV5Hm\" alt=\"\" \/><\/figure><\/div>\n\n\n\n<p>                                                         Barca de tint(on es tenyia finalment el teixit) En aquella \u00e8poca els colors eren apagats perqu\u00e8 no hi havia molta variaci\u00f3 de colors.<br><\/p>\n\n\n\n<div class=\"wp-block-image\"><figure class=\"alignright is-resized\"><img decoding=\"async\" loading=\"lazy\" src=\"https:\/\/lh5.googleusercontent.com\/gyePGVmYt2iTIFsqwa1iEu8SfFxYhPrfbUZu1qY8l_JQCYN2zfobXvLMQixRT_J2SZ3V2IIHcLXCK3vXIy_M29HfbKpnwXhp_Ip6fFDHAfi4wy7i3pUwBskEU6OsWV9X7Vp3o5La\" alt=\"\" width=\"217\" height=\"289\" \/><\/figure><\/div>\n\n\n\n<p><\/p>\n\n\n\n<p>Centrifugadora(on es treia l\u2019aigua del teixit despr\u00e9s d&#8217;haver-ho tenyit)<\/p>\n\n\n\n<p><\/p>\n\n\n\n<p><\/p>\n\n\n\n<p><\/p>\n\n\n\n<p style=\"text-align:center\">Despr\u00e9s vam anar a una aula on vam fer una activitats. Cada grup tenia una bossa amb objectes i informaci\u00f3. En la meva bossa hi havia un paper amb els sous de cada tipus de treballador. Com podem observar les dones cobraven menys. I el treball millor pagat era el de teixidor.<\/p>\n\n\n\n<div class=\"wp-block-image\"><figure class=\"aligncenter\"><img decoding=\"async\" src=\"https:\/\/lh3.googleusercontent.com\/pe4JE2goxZFS6oKD_SYaezH16Exgd8fl5Jmlnywlbp9qafhPbPUsmW21vsfT5AwwZR4FpAFTy9XKytPtDBfTtl4A85vS3lsJ-YGYR_p6A3c2VFoxcNJPUZtmF-awGUlYNsbTK_nP\" alt=\"\" \/><\/figure><\/div>\n\n\n\n<p><\/p>\n","protected":false},"excerpt":{"rendered":"<p>El passat dimarts 4 vam anar tot 3r a visitar el mNACTEC (Museu de la Ci\u00e8ncia i de la T\u00e8cnica de Catalunya) de Terrassa. Ens van fer dues&#8230;<\/p>\n","protected":false},"author":106,"featured_media":420,"comment_status":"open","ping_status":"open","sticky":false,"template":"","format":"standard","meta":{"footnotes":""},"categories":[21,1],"tags":[],"_links":{"self":[{"href":"https:\/\/institutviladomat.cat\/portfoli\/16erikamanchado\/wp-json\/wp\/v2\/posts\/417"}],"collection":[{"href":"https:\/\/institutviladomat.cat\/portfoli\/16erikamanchado\/wp-json\/wp\/v2\/posts"}],"about":[{"href":"https:\/\/institutviladomat.cat\/portfoli\/16erikamanchado\/wp-json\/wp\/v2\/types\/post"}],"author":[{"embeddable":true,"href":"https:\/\/institutviladomat.cat\/portfoli\/16erikamanchado\/wp-json\/wp\/v2\/users\/106"}],"replies":[{"embeddable":true,"href":"https:\/\/institutviladomat.cat\/portfoli\/16erikamanchado\/wp-json\/wp\/v2\/comments?post=417"}],"version-history":[{"count":1,"href":"https:\/\/institutviladomat.cat\/portfoli\/16erikamanchado\/wp-json\/wp\/v2\/posts\/417\/revisions"}],"predecessor-version":[{"id":419,"href":"https:\/\/institutviladomat.cat\/portfoli\/16erikamanchado\/wp-json\/wp\/v2\/posts\/417\/revisions\/419"}],"wp:featuredmedia":[{"embeddable":true,"href":"https:\/\/institutviladomat.cat\/portfoli\/16erikamanchado\/wp-json\/wp\/v2\/media\/420"}],"wp:attachment":[{"href":"https:\/\/institutviladomat.cat\/portfoli\/16erikamanchado\/wp-json\/wp\/v2\/media?parent=417"}],"wp:term":[{"taxonomy":"category","embeddable":true,"href":"https:\/\/institutviladomat.cat\/portfoli\/16erikamanchado\/wp-json\/wp\/v2\/categories?post=417"},{"taxonomy":"post_tag","embeddable":true,"href":"https:\/\/institutviladomat.cat\/portfoli\/16erikamanchado\/wp-json\/wp\/v2\/tags?post=417"}],"curies":[{"name":"wp","href":"https:\/\/api.w.org\/{rel}","templated":true}]}}