{"id":17,"date":"2016-10-07T11:23:52","date_gmt":"2016-10-07T11:23:52","guid":{"rendered":"http:\/\/institutviladomat.cat\/portfoli\/16irsakhan\/?p=17"},"modified":"2016-10-07T11:23:52","modified_gmt":"2016-10-07T11:23:52","slug":"lescola-del-passat","status":"publish","type":"post","link":"https:\/\/institutviladomat.cat\/portfoli\/16irsakhan\/2016\/10\/07\/lescola-del-passat\/","title":{"rendered":"L&#8217;escola del passat."},"content":{"rendered":"<p>El dia 28-09-2016 ens van venir a explicar \u00a0com eren les escoles abans. Ens van comentar que quan era l&#8217;\u00e9poca de la rep\u00fablica (1930) ,doncs deixaven parlar catal\u00e0, eren mixtes,feien classes a fora, les c\u00f3lonies eren m\u00e9s divertides&#8230;.etc.<\/p>\n<p>Per\u00f3 en canvi quan va arribar l&#8217;\u00e8poca franquista van fer tot el reb\u00e9s o sigui que no podien parlar catal\u00e0, les escoles no eren mixtes i que les noies tenien que anar en una escola \u00a0que es deia &#8220;escuela dom\u00e8stica&#8221; i hi havia molta religi\u00f3 i en totes les classes posaven foto de franco&#8230;etc.<\/p>\n<p><img decoding=\"async\" loading=\"lazy\" class=\"irc_mi iBCswbETsIys-pQOPx8XEepE\" src=\"http:\/\/blog.educastur.es\/marildegs\/files\/2011\/04\/escuela_republica1.jpg\" alt=\"Resultat d'imatges de escuela republica\" width=\"366\" height=\"244\" \/><\/p>\n<p>Escola republicana.<\/p>\n<p><img decoding=\"async\" loading=\"lazy\" class=\"irc_mi ikD3gncadiNE-pQOPx8XEepE\" src=\"https:\/\/historiaicultura.files.wordpress.com\/2012\/09\/escuela-franquista.jpg\" alt=\"Resultat d'imatges de escola franquista\" width=\"555\" height=\"379\" \/><\/p>\n<p>Escola franquisme.<\/p>\n","protected":false},"excerpt":{"rendered":"<p>El dia 28-09-2016 ens van venir a explicar \u00a0com eren les escoles abans. Ens van comentar que quan era l&#8217;\u00e9poca de la rep\u00fablica (1930) ,doncs deixaven parlar catal\u00e0,&#8230;<\/p>\n","protected":false},"author":102,"featured_media":0,"comment_status":"open","ping_status":"open","sticky":false,"template":"","format":"standard","meta":{"footnotes":""},"categories":[1],"tags":[],"_links":{"self":[{"href":"https:\/\/institutviladomat.cat\/portfoli\/16irsakhan\/wp-json\/wp\/v2\/posts\/17"}],"collection":[{"href":"https:\/\/institutviladomat.cat\/portfoli\/16irsakhan\/wp-json\/wp\/v2\/posts"}],"about":[{"href":"https:\/\/institutviladomat.cat\/portfoli\/16irsakhan\/wp-json\/wp\/v2\/types\/post"}],"author":[{"embeddable":true,"href":"https:\/\/institutviladomat.cat\/portfoli\/16irsakhan\/wp-json\/wp\/v2\/users\/102"}],"replies":[{"embeddable":true,"href":"https:\/\/institutviladomat.cat\/portfoli\/16irsakhan\/wp-json\/wp\/v2\/comments?post=17"}],"version-history":[{"count":1,"href":"https:\/\/institutviladomat.cat\/portfoli\/16irsakhan\/wp-json\/wp\/v2\/posts\/17\/revisions"}],"predecessor-version":[{"id":18,"href":"https:\/\/institutviladomat.cat\/portfoli\/16irsakhan\/wp-json\/wp\/v2\/posts\/17\/revisions\/18"}],"wp:attachment":[{"href":"https:\/\/institutviladomat.cat\/portfoli\/16irsakhan\/wp-json\/wp\/v2\/media?parent=17"}],"wp:term":[{"taxonomy":"category","embeddable":true,"href":"https:\/\/institutviladomat.cat\/portfoli\/16irsakhan\/wp-json\/wp\/v2\/categories?post=17"},{"taxonomy":"post_tag","embeddable":true,"href":"https:\/\/institutviladomat.cat\/portfoli\/16irsakhan\/wp-json\/wp\/v2\/tags?post=17"}],"curies":[{"name":"wp","href":"https:\/\/api.w.org\/{rel}","templated":true}]}}