{"id":177,"date":"2017-06-09T10:02:34","date_gmt":"2017-06-09T10:02:34","guid":{"rendered":"http:\/\/institutviladomat.cat\/portfoli\/16irsakhan\/?p=177"},"modified":"2017-06-09T10:02:34","modified_gmt":"2017-06-09T10:02:34","slug":"evidencies-deducacio-fisica","status":"publish","type":"post","link":"https:\/\/institutviladomat.cat\/portfoli\/16irsakhan\/2017\/06\/09\/evidencies-deducacio-fisica\/","title":{"rendered":"Evid\u00e9ncies d&#8217;educaci\u00f3 f\u00edsica"},"content":{"rendered":"<p>Les meves dos evid\u00e9ncies d&#8217;educaci\u00f3 f\u00edsica s\u00f3n: Tornada a la calma i escoltar a la professora amb atenci\u00f3.<\/p>\n<p>He apr\u00e8s com torna a la calma amb molta atenci\u00f3 i concentracio i la veritat \u00e9s que es molt relaxant.Bans no ho feia b\u00e9 no hem concentraba per\u00f3 el llarg de curs ho he apr\u00e8s amb nom\u00e9s una cosa que \u00e9s, quan fem la tornada a la calma hem de concentrar i relaxar-nos i res m\u00e9s.<\/p>\n<p><img decoding=\"async\" loading=\"lazy\" class=\"alignnone size-medium wp-image-178\" src=\"http:\/\/institutviladomat.cat\/portfoli\/16irsakhan\/wp-content\/uploads\/sites\/100\/2017\/06\/YogaPostures-300x263.gif\" alt=\"\" width=\"300\" height=\"263\" srcset=\"https:\/\/institutviladomat.cat\/portfoli\/16irsakhan\/wp-content\/uploads\/sites\/100\/2017\/06\/YogaPostures-300x263.gif 300w, https:\/\/institutviladomat.cat\/portfoli\/16irsakhan\/wp-content\/uploads\/sites\/100\/2017\/06\/YogaPostures-508x445.gif 508w\" sizes=\"(max-width: 300px) 100vw, 300px\" \/><\/p>\n<p>I escoltar a la professora ho faig b\u00e9 perqu\u00e8 se que si no escolto a la professora no entendre l&#8217;activitat amb els pasos.<\/p>\n<p><img decoding=\"async\" loading=\"lazy\" class=\"irc_mi\" src=\"http:\/\/www.sequelgroup.co.uk\/wp-content\/uploads\/2014\/03\/talking-and-listening-copy.jpg\" alt=\"Resultat d'imatges de talking and listening pictures\" width=\"813\" height=\"409\" \/><\/p>\n<p>&nbsp;<\/p>\n","protected":false},"excerpt":{"rendered":"<p>Les meves dos evid\u00e9ncies d&#8217;educaci\u00f3 f\u00edsica s\u00f3n: Tornada a la calma i escoltar a la professora amb atenci\u00f3. He apr\u00e8s com torna a la calma amb molta atenci\u00f3&#8230;<\/p>\n","protected":false},"author":102,"featured_media":179,"comment_status":"open","ping_status":"open","sticky":false,"template":"","format":"standard","meta":{"footnotes":""},"categories":[1],"tags":[],"_links":{"self":[{"href":"https:\/\/institutviladomat.cat\/portfoli\/16irsakhan\/wp-json\/wp\/v2\/posts\/177"}],"collection":[{"href":"https:\/\/institutviladomat.cat\/portfoli\/16irsakhan\/wp-json\/wp\/v2\/posts"}],"about":[{"href":"https:\/\/institutviladomat.cat\/portfoli\/16irsakhan\/wp-json\/wp\/v2\/types\/post"}],"author":[{"embeddable":true,"href":"https:\/\/institutviladomat.cat\/portfoli\/16irsakhan\/wp-json\/wp\/v2\/users\/102"}],"replies":[{"embeddable":true,"href":"https:\/\/institutviladomat.cat\/portfoli\/16irsakhan\/wp-json\/wp\/v2\/comments?post=177"}],"version-history":[{"count":1,"href":"https:\/\/institutviladomat.cat\/portfoli\/16irsakhan\/wp-json\/wp\/v2\/posts\/177\/revisions"}],"predecessor-version":[{"id":180,"href":"https:\/\/institutviladomat.cat\/portfoli\/16irsakhan\/wp-json\/wp\/v2\/posts\/177\/revisions\/180"}],"wp:featuredmedia":[{"embeddable":true,"href":"https:\/\/institutviladomat.cat\/portfoli\/16irsakhan\/wp-json\/wp\/v2\/media\/179"}],"wp:attachment":[{"href":"https:\/\/institutviladomat.cat\/portfoli\/16irsakhan\/wp-json\/wp\/v2\/media?parent=177"}],"wp:term":[{"taxonomy":"category","embeddable":true,"href":"https:\/\/institutviladomat.cat\/portfoli\/16irsakhan\/wp-json\/wp\/v2\/categories?post=177"},{"taxonomy":"post_tag","embeddable":true,"href":"https:\/\/institutviladomat.cat\/portfoli\/16irsakhan\/wp-json\/wp\/v2\/tags?post=177"}],"curies":[{"name":"wp","href":"https:\/\/api.w.org\/{rel}","templated":true}]}}