{"id":222,"date":"2017-11-21T08:29:08","date_gmt":"2017-11-21T08:29:08","guid":{"rendered":"http:\/\/institutviladomat.cat\/portfoli\/16irsakhan\/?p=222"},"modified":"2017-12-15T07:56:18","modified_gmt":"2017-12-15T07:56:18","slug":"exposicio-joana-biarnes","status":"publish","type":"post","link":"https:\/\/institutviladomat.cat\/portfoli\/16irsakhan\/2017\/11\/21\/exposicio-joana-biarnes\/","title":{"rendered":"Exposici\u00f3 Joana Biarn\u00e9s"},"content":{"rendered":"<p>No s\u00e9\u00a0qu\u00e8\u00a0dir sobre l&#8217;exposici\u00f3, m&#8217;he quedat sense paraules. Va ser un somni veure la Joana Biarn\u00e8s en la seva exposici\u00f3, encara no m&#8217;ho puc creure que he pogut veure la primera periodista d&#8217;Espanya, que va estar en el temps de postguerra i va lluitar a favor dels drets de la dona.<\/p>\n<p>L&#8217;exposici\u00f3\u00a0era bastant\u00a0<span class=\"hiddenSpellError\">entretinguda<\/span>\u00a0i no\u00a0t&#8217;avorries, encara que\u00a0 l&#8217;Ainara Gomez diu que l&#8217;exposici\u00f3 era massa curta i que no semblava que\u00a0hi havien\u00a090 fotos, per\u00f2\u00a0aix\u00f2\u00a0no vol dir que no\u00a0<span class=\"hiddenGrammarError\">hi han<\/span>\u00a0hagut comentaris positius. Moltes persones com; Sergi Sarraute, Pau Falgueres i Blau Ordu\u00f1a han dit que l&#8217;exposici\u00f3 va ser molt\u00a0interessant\u00a0i bastant\u00a0<span class=\"hiddenGreenError\">guai<\/span>.<\/p>\n<p>Les fotos\u00a0eren\u00a0molt boniques, i algunes molt impactants que et feien pensar sobre aquella\u00a0\u00e8poca\u00a0i com vivia la gent en\u00a0<span class=\"hiddenGrammarError\">la \u00e8poca<\/span>\u00a0de la postguerra. Tamb\u00e9 hi havien moltes fotos de la moda i de molts famosos.<\/p>\n<p>Les fotos estaven repartides en diferents seccions, hi havien unes 3 seccions. Les seccions eren de moda, les coses que van passar despr\u00e8s de la postguerra i famosos d&#8217;aquella \u00e8poca.<\/p>\n<p>Si\u00a0esteu interesats a veure l&#8217;esposici\u00f3 , podeu\u00a0anar de dilluns a dissabte: 10:00\u202fh\u00a0a 20:00\u202fh\u00a0i els diumenges i festiu: 10:00 h a\u00a0 14:00 h\u00a0a Palau Robert, passeig de Gr\u00e0cia. L&#8217;exposici\u00f3\u00a0durar\u00e0\u00a0des de\u00a027\/10\/2017 a 02\/04\/2018 i seran 1.432,5 hores en total.<\/p>\n<p><img decoding=\"async\" loading=\"lazy\" class=\"alignnone size-medium wp-image-224\" src=\"http:\/\/institutviladomat.cat\/portfoli\/16irsakhan\/wp-content\/uploads\/sites\/100\/2017\/11\/Screenshot-2017-11-21-at-09.40.45-300x224.png\" alt=\"\" width=\"300\" height=\"224\" srcset=\"https:\/\/institutviladomat.cat\/portfoli\/16irsakhan\/wp-content\/uploads\/sites\/100\/2017\/11\/Screenshot-2017-11-21-at-09.40.45-300x224.png 300w, https:\/\/institutviladomat.cat\/portfoli\/16irsakhan\/wp-content\/uploads\/sites\/100\/2017\/11\/Screenshot-2017-11-21-at-09.40.45-508x380.png 508w, https:\/\/institutviladomat.cat\/portfoli\/16irsakhan\/wp-content\/uploads\/sites\/100\/2017\/11\/Screenshot-2017-11-21-at-09.40.45.png 594w\" sizes=\"(max-width: 300px) 100vw, 300px\" \/><\/p>\n","protected":false},"excerpt":{"rendered":"<p>No s\u00e9\u00a0qu\u00e8\u00a0dir sobre l&#8217;exposici\u00f3, m&#8217;he quedat sense paraules. Va ser un somni veure la Joana Biarn\u00e8s en la seva exposici\u00f3, encara no m&#8217;ho puc creure que he pogut&#8230;<\/p>\n","protected":false},"author":102,"featured_media":225,"comment_status":"open","ping_status":"open","sticky":false,"template":"","format":"standard","meta":{"footnotes":""},"categories":[1],"tags":[],"_links":{"self":[{"href":"https:\/\/institutviladomat.cat\/portfoli\/16irsakhan\/wp-json\/wp\/v2\/posts\/222"}],"collection":[{"href":"https:\/\/institutviladomat.cat\/portfoli\/16irsakhan\/wp-json\/wp\/v2\/posts"}],"about":[{"href":"https:\/\/institutviladomat.cat\/portfoli\/16irsakhan\/wp-json\/wp\/v2\/types\/post"}],"author":[{"embeddable":true,"href":"https:\/\/institutviladomat.cat\/portfoli\/16irsakhan\/wp-json\/wp\/v2\/users\/102"}],"replies":[{"embeddable":true,"href":"https:\/\/institutviladomat.cat\/portfoli\/16irsakhan\/wp-json\/wp\/v2\/comments?post=222"}],"version-history":[{"count":6,"href":"https:\/\/institutviladomat.cat\/portfoli\/16irsakhan\/wp-json\/wp\/v2\/posts\/222\/revisions"}],"predecessor-version":[{"id":236,"href":"https:\/\/institutviladomat.cat\/portfoli\/16irsakhan\/wp-json\/wp\/v2\/posts\/222\/revisions\/236"}],"wp:featuredmedia":[{"embeddable":true,"href":"https:\/\/institutviladomat.cat\/portfoli\/16irsakhan\/wp-json\/wp\/v2\/media\/225"}],"wp:attachment":[{"href":"https:\/\/institutviladomat.cat\/portfoli\/16irsakhan\/wp-json\/wp\/v2\/media?parent=222"}],"wp:term":[{"taxonomy":"category","embeddable":true,"href":"https:\/\/institutviladomat.cat\/portfoli\/16irsakhan\/wp-json\/wp\/v2\/categories?post=222"},{"taxonomy":"post_tag","embeddable":true,"href":"https:\/\/institutviladomat.cat\/portfoli\/16irsakhan\/wp-json\/wp\/v2\/tags?post=222"}],"curies":[{"name":"wp","href":"https:\/\/api.w.org\/{rel}","templated":true}]}}