{"id":263,"date":"2018-03-20T12:48:15","date_gmt":"2018-03-20T12:48:15","guid":{"rendered":"http:\/\/institutviladomat.cat\/portfoli\/16irsakhan\/?p=263"},"modified":"2018-03-21T11:03:35","modified_gmt":"2018-03-21T11:03:35","slug":"fotografies-socials","status":"publish","type":"post","link":"https:\/\/institutviladomat.cat\/portfoli\/16irsakhan\/2018\/03\/20\/fotografies-socials\/","title":{"rendered":"Fotografies socials"},"content":{"rendered":"<p>A socials haviem de elegir dos il\u00b7lustracions d&#8217;una <a href=\"http:\/\/www.apic.es\/\">p\u00e0gina web<\/a> que m\u00e9s ens agrdaven, les dos imatges que m&#8217;han agrdat a mi han sigut les seguents:<\/p>\n<p>&nbsp;<\/p>\n<p><img decoding=\"async\" loading=\"lazy\" class=\"img-responsive center-block wp-post-image\" src=\"http:\/\/www.apic.es\/wp-content\/uploads\/2018\/02\/HAPPY-nadine-mnemoi-1-2.jpg\" alt=\"Happy\" width=\"400\" height=\"350\" \/><\/p>\n<p>Aquesta m&#8217;ha agradat molt per el seu estil i que hi ha molt color negre el que m&#8217;agrada molt i e pintallvis es el que destaca.<\/p>\n<p><img decoding=\"async\" class=\"img-responsive center-block\" src=\"http:\/\/www.apic.es\/wp-content\/uploads\/2017\/02\/Acolliment-OK-2.jpg\" alt=\"VOLEM ACOLLIR\" \/><\/p>\n<p>Aquesta m&#8217;ha agradat pel seu concepte perqu\u00e8 no importa de quina religi\u00f3 siguis perqu\u00e8 tots hem de ser iguals i hem de tenir els mateixos drets!<\/p>\n","protected":false},"excerpt":{"rendered":"<p>A socials haviem de elegir dos il\u00b7lustracions d&#8217;una p\u00e0gina web que m\u00e9s ens agrdaven, les dos imatges que m&#8217;han agrdat a mi han sigut les seguents: &nbsp; Aquesta&#8230;<\/p>\n","protected":false},"author":102,"featured_media":291,"comment_status":"open","ping_status":"open","sticky":false,"template":"","format":"standard","meta":{"footnotes":""},"categories":[14,1,18],"tags":[],"_links":{"self":[{"href":"https:\/\/institutviladomat.cat\/portfoli\/16irsakhan\/wp-json\/wp\/v2\/posts\/263"}],"collection":[{"href":"https:\/\/institutviladomat.cat\/portfoli\/16irsakhan\/wp-json\/wp\/v2\/posts"}],"about":[{"href":"https:\/\/institutviladomat.cat\/portfoli\/16irsakhan\/wp-json\/wp\/v2\/types\/post"}],"author":[{"embeddable":true,"href":"https:\/\/institutviladomat.cat\/portfoli\/16irsakhan\/wp-json\/wp\/v2\/users\/102"}],"replies":[{"embeddable":true,"href":"https:\/\/institutviladomat.cat\/portfoli\/16irsakhan\/wp-json\/wp\/v2\/comments?post=263"}],"version-history":[{"count":1,"href":"https:\/\/institutviladomat.cat\/portfoli\/16irsakhan\/wp-json\/wp\/v2\/posts\/263\/revisions"}],"predecessor-version":[{"id":292,"href":"https:\/\/institutviladomat.cat\/portfoli\/16irsakhan\/wp-json\/wp\/v2\/posts\/263\/revisions\/292"}],"wp:featuredmedia":[{"embeddable":true,"href":"https:\/\/institutviladomat.cat\/portfoli\/16irsakhan\/wp-json\/wp\/v2\/media\/291"}],"wp:attachment":[{"href":"https:\/\/institutviladomat.cat\/portfoli\/16irsakhan\/wp-json\/wp\/v2\/media?parent=263"}],"wp:term":[{"taxonomy":"category","embeddable":true,"href":"https:\/\/institutviladomat.cat\/portfoli\/16irsakhan\/wp-json\/wp\/v2\/categories?post=263"},{"taxonomy":"post_tag","embeddable":true,"href":"https:\/\/institutviladomat.cat\/portfoli\/16irsakhan\/wp-json\/wp\/v2\/tags?post=263"}],"curies":[{"name":"wp","href":"https:\/\/api.w.org\/{rel}","templated":true}]}}