{"id":31,"date":"2016-10-24T12:42:59","date_gmt":"2016-10-24T12:42:59","guid":{"rendered":"http:\/\/institutviladomat.cat\/portfoli\/16irsakhan\/?p=31"},"modified":"2016-10-24T12:42:59","modified_gmt":"2016-10-24T12:42:59","slug":"sortida-a-casa-mila-pedrera","status":"publish","type":"post","link":"https:\/\/institutviladomat.cat\/portfoli\/16irsakhan\/2016\/10\/24\/sortida-a-casa-mila-pedrera\/","title":{"rendered":"Sortida a Casa Mil\u00e0 (Pedrera)"},"content":{"rendered":"<p>He apr\u00e8s que encara hi han quatre fam\u00edlies vivien a la Casa Mil\u00e0. Tamb\u00e9 he apr\u00e8s que quan el Gaud\u00ed estaba fent la Casa Mil\u00e0,doncs tota la gent que estaba all\u00e0 es reia de la casa i li anomenaven &#8220;la Pedrera&#8221; en lloc de dir-li la Casa Mil\u00e0. Llavors el gaud\u00ed s&#8217;em va enfadar i es va anar. Llavors la fam\u00edlia Mil\u00e0 va contractar amb un altre arquitecta perqu\u00e8 acabi la casa. La sortida m&#8217;ha semblat una mica aborrida perqu\u00e8 haurien d&#8217;ensenyar abans l&#8217;edifci que explicar i perqu\u00e8 a mi no m&#8217;agrada molt la historia.<\/p>\n<p><img decoding=\"async\" loading=\"lazy\" class=\"alignnone size-medium wp-image-34\" src=\"http:\/\/institutviladomat.cat\/portfoli\/16irsakhan\/wp-content\/uploads\/sites\/100\/2016\/10\/IMG_20161024_122627-300x258.jpg\" alt=\"img_20161024_122627\" width=\"300\" height=\"258\" srcset=\"https:\/\/institutviladomat.cat\/portfoli\/16irsakhan\/wp-content\/uploads\/sites\/100\/2016\/10\/IMG_20161024_122627-300x258.jpg 300w, https:\/\/institutviladomat.cat\/portfoli\/16irsakhan\/wp-content\/uploads\/sites\/100\/2016\/10\/IMG_20161024_122627-768x660.jpg 768w, https:\/\/institutviladomat.cat\/portfoli\/16irsakhan\/wp-content\/uploads\/sites\/100\/2016\/10\/IMG_20161024_122627-1024x880.jpg 1024w, https:\/\/institutviladomat.cat\/portfoli\/16irsakhan\/wp-content\/uploads\/sites\/100\/2016\/10\/IMG_20161024_122627-973x836.jpg 973w, https:\/\/institutviladomat.cat\/portfoli\/16irsakhan\/wp-content\/uploads\/sites\/100\/2016\/10\/IMG_20161024_122627-508x436.jpg 508w\" sizes=\"(max-width: 300px) 100vw, 300px\" \/>L&#8217;estructura de l&#8217;edifici.<\/p>\n<p><img decoding=\"async\" loading=\"lazy\" class=\"alignnone size-medium wp-image-35\" src=\"http:\/\/institutviladomat.cat\/portfoli\/16irsakhan\/wp-content\/uploads\/sites\/100\/2016\/10\/IMG_20161024_101315-225x300.jpg\" alt=\"img_20161024_101315\" width=\"225\" height=\"300\" srcset=\"https:\/\/institutviladomat.cat\/portfoli\/16irsakhan\/wp-content\/uploads\/sites\/100\/2016\/10\/IMG_20161024_101315-225x300.jpg 225w, https:\/\/institutviladomat.cat\/portfoli\/16irsakhan\/wp-content\/uploads\/sites\/100\/2016\/10\/IMG_20161024_101315-768x1024.jpg 768w, https:\/\/institutviladomat.cat\/portfoli\/16irsakhan\/wp-content\/uploads\/sites\/100\/2016\/10\/IMG_20161024_101315-973x1297.jpg 973w, https:\/\/institutviladomat.cat\/portfoli\/16irsakhan\/wp-content\/uploads\/sites\/100\/2016\/10\/IMG_20161024_101315-508x677.jpg 508w\" sizes=\"(max-width: 225px) 100vw, 225px\" \/>Balc\u00f3 de la Casa Mil\u00e0.<br \/>\n&nbsp;<\/p>\n","protected":false},"excerpt":{"rendered":"<p>He apr\u00e8s que encara hi han quatre fam\u00edlies vivien a la Casa Mil\u00e0. Tamb\u00e9 he apr\u00e8s que quan el Gaud\u00ed estaba fent la Casa Mil\u00e0,doncs tota la gent&#8230;<\/p>\n","protected":false},"author":102,"featured_media":0,"comment_status":"open","ping_status":"open","sticky":false,"template":"","format":"standard","meta":{"footnotes":""},"categories":[1,4],"tags":[],"_links":{"self":[{"href":"https:\/\/institutviladomat.cat\/portfoli\/16irsakhan\/wp-json\/wp\/v2\/posts\/31"}],"collection":[{"href":"https:\/\/institutviladomat.cat\/portfoli\/16irsakhan\/wp-json\/wp\/v2\/posts"}],"about":[{"href":"https:\/\/institutviladomat.cat\/portfoli\/16irsakhan\/wp-json\/wp\/v2\/types\/post"}],"author":[{"embeddable":true,"href":"https:\/\/institutviladomat.cat\/portfoli\/16irsakhan\/wp-json\/wp\/v2\/users\/102"}],"replies":[{"embeddable":true,"href":"https:\/\/institutviladomat.cat\/portfoli\/16irsakhan\/wp-json\/wp\/v2\/comments?post=31"}],"version-history":[{"count":2,"href":"https:\/\/institutviladomat.cat\/portfoli\/16irsakhan\/wp-json\/wp\/v2\/posts\/31\/revisions"}],"predecessor-version":[{"id":36,"href":"https:\/\/institutviladomat.cat\/portfoli\/16irsakhan\/wp-json\/wp\/v2\/posts\/31\/revisions\/36"}],"wp:attachment":[{"href":"https:\/\/institutviladomat.cat\/portfoli\/16irsakhan\/wp-json\/wp\/v2\/media?parent=31"}],"wp:term":[{"taxonomy":"category","embeddable":true,"href":"https:\/\/institutviladomat.cat\/portfoli\/16irsakhan\/wp-json\/wp\/v2\/categories?post=31"},{"taxonomy":"post_tag","embeddable":true,"href":"https:\/\/institutviladomat.cat\/portfoli\/16irsakhan\/wp-json\/wp\/v2\/tags?post=31"}],"curies":[{"name":"wp","href":"https:\/\/api.w.org\/{rel}","templated":true}]}}