{"id":354,"date":"2018-10-17T06:17:37","date_gmt":"2018-10-17T06:17:37","guid":{"rendered":"http:\/\/institutviladomat.cat\/portfoli\/16irsakhan\/?p=354"},"modified":"2018-10-17T12:14:44","modified_gmt":"2018-10-17T12:14:44","slug":"el-mussol-i-la-forca","status":"publish","type":"post","link":"https:\/\/institutviladomat.cat\/portfoli\/16irsakhan\/2018\/10\/17\/el-mussol-i-la-forca\/","title":{"rendered":"El Mussol i la Forca"},"content":{"rendered":"<p>El mussol i la forca \u00e9s una obra escrita\u00a0pel\u00a0Pau Joan Hern\u00e1ndez escriptor, traductor i cr\u00edtic catal\u00e0. Ha sigut professor en la universitat de Barcelona i ja porta escrites 27 novel\u00b7les! Tamb\u00e9 els divuit anys ja tenia publicada la seva primera novel\u00b7la juvenil.<\/p>\n<p>El llibre comen\u00e7a amb una periodista que va a fer fotografies d&#8217;un lloc per quan arriba all\u00e0 la zona aquella est\u00e0 plena de mossos i okupes. I quan intenta entrar en les cases afectades per saber el que passa, la Rosa una policia que li atura i li mana que se&#8217;n vagi d&#8217;all\u00e0. Aleshores la Lara sense pensar-s&#8217;ho dues vegades se&#8217;n va corrents cap a la casa perqu\u00e8 dubtava dels policies.<\/p>\n<p>Un cop all\u00e0\u00a0<span class=\"hiddenGrammarError\">has<\/span>\u00a0troba un grafiti de mussols del que ella sabia el significat, i pensa que els policies no.<\/p>\n<p>Aquell grafiti li recordava una desaparici\u00f3 i per aix\u00f2 va pensar fer una investigaci\u00f3 del cas per si mateixa. Quan est\u00e0 a punt de comen\u00e7ar\u00a0la investigaci\u00f3\u00a0es pensa que hauria de parlar amb la policia, la Rosa, i demanar la seva ajuda i fer la investigaci\u00f3 amb ella.<\/p>\n<p>Tot anava b\u00e9 fins que la policia\u00a0<span class=\"hiddenGrammarError\">s&#8217;<\/span>entera que han intentat segrestar alg\u00fa, per aquesta ra\u00f3 la cosa es complica una mica. L&#8217;amiga de l&#8217;Ingrid i S\u00f2nia que es diu Anna pateix un accident.<\/p>\n<p>Aleshores elles dos tamb\u00e9\u00a0<span class=\"hiddenGrammarError\">has<\/span>\u00a0pensen fer una investigaci\u00f3, pel que havia passat amb la seva amiga. Fent\u00a0la investigaci\u00f3\u00a0es troben amb el\u00a0<span class=\"hiddenSpellError\">Gavroche<\/span>\u00a0que primer es dubta d&#8217;ajudar-les per\u00f2 despr\u00e9s les ajuda a\u00a0la investigaci\u00f3. Aleshores\u00a0investigant\u00a0arriben a les clavegueres quan arriben all\u00e0\u00a0segresten\u00a0a l&#8217;Ingrid. La S\u00f2nia sense saber el que ha de fer el primer que s&#8217;<span class=\"hiddenGrammarError\">ha<\/span>\u00a0li\u00a0<span class=\"hiddenGrammarError\">acudeix \u00e9s<\/span>\u00a0c\u00f3rrer tot el que pot per\u00f2 per mala sort es perd.<\/p>\n<p>En l&#8217;altra part, la Lara i la Rosa estan preocupades perqu\u00e8\u00a0<span class=\"hiddenGrammarError\">s&#8217;<\/span>adonen\u00a0que\u00a0hi ha un\u00a0cami\u00f3\u00a0ple d&#8217;explosius per part dels mussols.<\/p>\n<p>Aleshores els corders els fan com una mena de lluita contra els mussols, i\u00a0acaben\u00a0guanyen.<\/p>\n<p>En la meva opini\u00f3 el llibre no m&#8217;ha acabat\u00a0<span class=\"hiddenGrammarError\">de conven\u00e7a<\/span>, perqu\u00e8 el principi ha comen\u00e7at seien molt descriptiu, el que anava molt b\u00e9. Per\u00f2 jo crec que hauria de descriure els personatges com ho han fet el principi del llibre, perqu\u00e8 aix\u00ed \u00e9s m\u00e9s f\u00e0cil entendre tot. Tamb\u00e9 que els salts de temps embolicaven molt i et podies perdre f\u00e0cilment. Tamb\u00e9 que el llibre no tenia un tema que et crid\u00e9s l&#8217;atenci\u00f3, no la recomanaria per\u00f2 si us agraden els llibres d&#8217;aquest tipus, aleshores us agradar\u00e0.<\/p>\n","protected":false},"excerpt":{"rendered":"<p>El mussol i la forca \u00e9s una obra escrita\u00a0pel\u00a0Pau Joan Hern\u00e1ndez escriptor, traductor i cr\u00edtic catal\u00e0. Ha sigut professor en la universitat de Barcelona i ja porta escrites&#8230;<\/p>\n","protected":false},"author":102,"featured_media":359,"comment_status":"open","ping_status":"open","sticky":false,"template":"","format":"standard","meta":{"footnotes":""},"categories":[31],"tags":[],"_links":{"self":[{"href":"https:\/\/institutviladomat.cat\/portfoli\/16irsakhan\/wp-json\/wp\/v2\/posts\/354"}],"collection":[{"href":"https:\/\/institutviladomat.cat\/portfoli\/16irsakhan\/wp-json\/wp\/v2\/posts"}],"about":[{"href":"https:\/\/institutviladomat.cat\/portfoli\/16irsakhan\/wp-json\/wp\/v2\/types\/post"}],"author":[{"embeddable":true,"href":"https:\/\/institutviladomat.cat\/portfoli\/16irsakhan\/wp-json\/wp\/v2\/users\/102"}],"replies":[{"embeddable":true,"href":"https:\/\/institutviladomat.cat\/portfoli\/16irsakhan\/wp-json\/wp\/v2\/comments?post=354"}],"version-history":[{"count":3,"href":"https:\/\/institutviladomat.cat\/portfoli\/16irsakhan\/wp-json\/wp\/v2\/posts\/354\/revisions"}],"predecessor-version":[{"id":360,"href":"https:\/\/institutviladomat.cat\/portfoli\/16irsakhan\/wp-json\/wp\/v2\/posts\/354\/revisions\/360"}],"wp:featuredmedia":[{"embeddable":true,"href":"https:\/\/institutviladomat.cat\/portfoli\/16irsakhan\/wp-json\/wp\/v2\/media\/359"}],"wp:attachment":[{"href":"https:\/\/institutviladomat.cat\/portfoli\/16irsakhan\/wp-json\/wp\/v2\/media?parent=354"}],"wp:term":[{"taxonomy":"category","embeddable":true,"href":"https:\/\/institutviladomat.cat\/portfoli\/16irsakhan\/wp-json\/wp\/v2\/categories?post=354"},{"taxonomy":"post_tag","embeddable":true,"href":"https:\/\/institutviladomat.cat\/portfoli\/16irsakhan\/wp-json\/wp\/v2\/tags?post=354"}],"curies":[{"name":"wp","href":"https:\/\/api.w.org\/{rel}","templated":true}]}}