{"id":409,"date":"2019-06-03T03:19:39","date_gmt":"2019-06-03T03:19:39","guid":{"rendered":"http:\/\/institutviladomat.cat\/portfoli\/16irsakhan\/?p=409"},"modified":"2019-06-03T03:26:19","modified_gmt":"2019-06-03T03:26:19","slug":"la-reforma-i-la-contrareforma","status":"publish","type":"post","link":"https:\/\/institutviladomat.cat\/portfoli\/16irsakhan\/2019\/06\/03\/la-reforma-i-la-contrareforma\/","title":{"rendered":"La reforma i la contrareforma"},"content":{"rendered":"\n<p>A socials hav\u00edem de fer un audiovisual educatiu per a nens i nenes de la nostra edat que parl\u00e9s sobre la reforma i la contrareforma de manera f\u00e0cil d&#8217;entendre. Seguint aquestes condicions, el v\u00eddeo ens ha quedat de la seg\u00fcent manera:<\/p>\n\n\n\n<p class=\"wp-block-gdm-google-drive-embedder-viewer\"><iframe width=\"100%\" height=\"400\" frameborder=\"0\" scrolling=\"https:\/\/drive.google.com\/a\/institutviladomat.cat\/file\/d\/1LV-l8h6-tAVHG7m7dYim1mEBB4vlsznM\/preview?usp=drivesdk\" src=\"https:\/\/drive.google.com\/a\/institutviladomat.cat\/file\/d\/1LV-l8h6-tAVHG7m7dYim1mEBB4vlsznM\/preview?usp=drivesdk\"><\/iframe><\/p>\n","protected":false},"excerpt":{"rendered":"<p>A socials hav\u00edem de fer un audiovisual educatiu per a nens i nenes de la nostra edat que parl\u00e9s sobre la reforma i la contrareforma de manera f\u00e0cil&#8230;<\/p>\n","protected":false},"author":102,"featured_media":410,"comment_status":"open","ping_status":"open","sticky":false,"template":"","format":"standard","meta":{"footnotes":""},"categories":[34,1,38],"tags":[],"_links":{"self":[{"href":"https:\/\/institutviladomat.cat\/portfoli\/16irsakhan\/wp-json\/wp\/v2\/posts\/409"}],"collection":[{"href":"https:\/\/institutviladomat.cat\/portfoli\/16irsakhan\/wp-json\/wp\/v2\/posts"}],"about":[{"href":"https:\/\/institutviladomat.cat\/portfoli\/16irsakhan\/wp-json\/wp\/v2\/types\/post"}],"author":[{"embeddable":true,"href":"https:\/\/institutviladomat.cat\/portfoli\/16irsakhan\/wp-json\/wp\/v2\/users\/102"}],"replies":[{"embeddable":true,"href":"https:\/\/institutviladomat.cat\/portfoli\/16irsakhan\/wp-json\/wp\/v2\/comments?post=409"}],"version-history":[{"count":2,"href":"https:\/\/institutviladomat.cat\/portfoli\/16irsakhan\/wp-json\/wp\/v2\/posts\/409\/revisions"}],"predecessor-version":[{"id":415,"href":"https:\/\/institutviladomat.cat\/portfoli\/16irsakhan\/wp-json\/wp\/v2\/posts\/409\/revisions\/415"}],"wp:featuredmedia":[{"embeddable":true,"href":"https:\/\/institutviladomat.cat\/portfoli\/16irsakhan\/wp-json\/wp\/v2\/media\/410"}],"wp:attachment":[{"href":"https:\/\/institutviladomat.cat\/portfoli\/16irsakhan\/wp-json\/wp\/v2\/media?parent=409"}],"wp:term":[{"taxonomy":"category","embeddable":true,"href":"https:\/\/institutviladomat.cat\/portfoli\/16irsakhan\/wp-json\/wp\/v2\/categories?post=409"},{"taxonomy":"post_tag","embeddable":true,"href":"https:\/\/institutviladomat.cat\/portfoli\/16irsakhan\/wp-json\/wp\/v2\/tags?post=409"}],"curies":[{"name":"wp","href":"https:\/\/api.w.org\/{rel}","templated":true}]}}