{"id":429,"date":"2019-06-12T06:43:45","date_gmt":"2019-06-12T06:43:45","guid":{"rendered":"http:\/\/institutviladomat.cat\/portfoli\/16irsakhan\/?p=429"},"modified":"2019-06-12T06:43:45","modified_gmt":"2019-06-12T06:43:45","slug":"frankenstein-la-pellicula","status":"publish","type":"post","link":"https:\/\/institutviladomat.cat\/portfoli\/16irsakhan\/2019\/06\/12\/frankenstein-la-pellicula\/","title":{"rendered":"Frankenstein, la pel\u00b7l\u00edcula"},"content":{"rendered":"\n<p>Per comen\u00e7ar  la nova i l&#8217;\u00faltima situaci\u00f3 d&#8217;aprenentatge hem vist la pel\u00b7l\u00edcula Frankenstein, ja que la situaci\u00f3 en si tamb\u00e9 es diu Frankenstein. La pel\u00b7l\u00edcula \u00e9s de terror feta l&#8217;any 1931, est\u00e0 basada en una novel\u00b7la, Frankenstein, escrita per Mary Shelly l&#8217;any 1818. La pel\u00b7l\u00edcula b\u00e0sicament va del fet que un cient\u00edfic, Henry Frankenstein, intenta crear vida amb parts de cossos de persones mortes. Quan crea el Frankenstein (el monstre) ning\u00fa l&#8217;accepte en la societat amb el lleig que \u00e9s, aleshores passen les seves conseq\u00fc\u00e8ncies.<\/p>\n\n\n\n<p>A angl\u00e8s, a part de veure la pel\u00b7l\u00edcula hem llegit una versi\u00f3 adaptada del llibre perqu\u00e8 aix\u00ed ens pogu\u00e9ssim assabentar m\u00e9s del tema. I la veritat \u00e9s que m&#8217;ha canviat molt de la manera que veia el Frankenstein la criatura. Perqu\u00e8 a la pel\u00b7l\u00edcula no surten tots els sentiments que sent la criatura i que com estar rebutjat per la societat \u00e9s una pena, etc.  <\/p>\n\n\n\n<p>En conclusi\u00f3 veure la pel\u00b7l\u00edcula m&#8217;havia fet una mica de f\u00e0stic, ja que em posen molt nerviosa quan comencen a ensenyar parts amb dels cossos, i ademes tot el que ensenyaven semblava real i quasi em donen ganes de vomitar. Per\u00f2 crec que val la pena llegir i veure la pel\u00b7l\u00edcula perqu\u00e8 s\u00f3n molt bones les dues coses. <\/p>\n","protected":false},"excerpt":{"rendered":"<p>Per comen\u00e7ar la nova i l&#8217;\u00faltima situaci\u00f3 d&#8217;aprenentatge hem vist la pel\u00b7l\u00edcula Frankenstein, ja que la situaci\u00f3 en si tamb\u00e9 es diu Frankenstein. La pel\u00b7l\u00edcula \u00e9s de terror&#8230;<\/p>\n","protected":false},"author":102,"featured_media":430,"comment_status":"open","ping_status":"open","sticky":false,"template":"","format":"standard","meta":{"footnotes":""},"categories":[34,41],"tags":[],"_links":{"self":[{"href":"https:\/\/institutviladomat.cat\/portfoli\/16irsakhan\/wp-json\/wp\/v2\/posts\/429"}],"collection":[{"href":"https:\/\/institutviladomat.cat\/portfoli\/16irsakhan\/wp-json\/wp\/v2\/posts"}],"about":[{"href":"https:\/\/institutviladomat.cat\/portfoli\/16irsakhan\/wp-json\/wp\/v2\/types\/post"}],"author":[{"embeddable":true,"href":"https:\/\/institutviladomat.cat\/portfoli\/16irsakhan\/wp-json\/wp\/v2\/users\/102"}],"replies":[{"embeddable":true,"href":"https:\/\/institutviladomat.cat\/portfoli\/16irsakhan\/wp-json\/wp\/v2\/comments?post=429"}],"version-history":[{"count":1,"href":"https:\/\/institutviladomat.cat\/portfoli\/16irsakhan\/wp-json\/wp\/v2\/posts\/429\/revisions"}],"predecessor-version":[{"id":431,"href":"https:\/\/institutviladomat.cat\/portfoli\/16irsakhan\/wp-json\/wp\/v2\/posts\/429\/revisions\/431"}],"wp:featuredmedia":[{"embeddable":true,"href":"https:\/\/institutviladomat.cat\/portfoli\/16irsakhan\/wp-json\/wp\/v2\/media\/430"}],"wp:attachment":[{"href":"https:\/\/institutviladomat.cat\/portfoli\/16irsakhan\/wp-json\/wp\/v2\/media?parent=429"}],"wp:term":[{"taxonomy":"category","embeddable":true,"href":"https:\/\/institutviladomat.cat\/portfoli\/16irsakhan\/wp-json\/wp\/v2\/categories?post=429"},{"taxonomy":"post_tag","embeddable":true,"href":"https:\/\/institutviladomat.cat\/portfoli\/16irsakhan\/wp-json\/wp\/v2\/tags?post=429"}],"curies":[{"name":"wp","href":"https:\/\/api.w.org\/{rel}","templated":true}]}}