{"id":435,"date":"2019-06-12T09:43:36","date_gmt":"2019-06-12T09:43:36","guid":{"rendered":"http:\/\/institutviladomat.cat\/portfoli\/16irsakhan\/?p=435"},"modified":"2019-06-12T09:43:36","modified_gmt":"2019-06-12T09:43:36","slug":"raco-personal-eid-al-fitr","status":"publish","type":"post","link":"https:\/\/institutviladomat.cat\/portfoli\/16irsakhan\/2019\/06\/12\/raco-personal-eid-al-fitr\/","title":{"rendered":"Rac\u00f3 personal: Eid-al-Fitr"},"content":{"rendered":"\n<p>Eid -al-fitr \u00e9s una festivitat musulmana que marca el final del dejuni del mes de ramad\u00e0. Eid significa en \u00e0rab &#8220;festivitat&#8221; i fi\u1e6dr significa &#8220;purificar&#8221;, per aix\u00f2 aquesta festa simbolitza la purificaci\u00f3 despr\u00e9s del dejuni. La festa abasta els tres primers dies del mes de xawwal (des\u00e8 mes del calendari musulm\u00e0), on se celebra l&#8217;experi\u00e8ncia espiritual viscuda durant el mes del ramad\u00e0 i la for\u00e7a de voluntat i l&#8217;esfor\u00e7 per complir el dejuni. A m\u00e9s, tamb\u00e9 \u00e9s el moment de complir amb el deure de fer caritat (zakat), que \u00e9s un dels cinc pilars de l&#8217;islam i, per als musulmans als pa\u00efsos on s\u00f3n minoria, \u00e9s l&#8217;oportunitat de mostrar p\u00fablicament la seva fe, i de compartir-la amb els altres.<\/p>\n\n\n\n<p>Quan se celebra l&#8217;Eid?, us preguntareu. Doncs l&#8217;eid se celebra el darrer dia del mes de ramad\u00e0.<\/p>\n\n\n\n<p><strong>Les tradicions:<\/strong><\/p>\n\n\n\n<p>La celebraci\u00f3 comen\u00e7a d&#8217;hora, normalment \u00e9s habitual vestir-se de festa (els homes es vesteixen de blanc, s\u00edmbol de puresa) per\u00f2 es poden vestir de qualsevol color, no \u00e9s obligatori anar de blanc. Despr\u00e9s fem un petit esmorzar, com a mostra que s&#8217;ha acabat el dejuni. Llavors es va a la mesquita, on es d\u00f3na una quantitat de diners d&#8217;almoina en compliment del zakat, i es participa en la preg\u00e0ria especial de la diada, que \u00e9s m\u00e9s solemne i m\u00e9s llarga que habitualment. En sortir-ne, \u00e9s costum reunir-se amb la fam\u00edlia i els amics per fer un important \u00e0pat amb abund\u00e0ncia d&#8217;aliments dol\u00e7os. Aquesta celebraci\u00f3 familiar comporta l&#8217;exist\u00e8ncia d&#8217;un vast\u00edssim patrimoni gastron\u00f2mic propi d&#8217;aquesta data que varia en funci\u00f3 dels pa\u00efsos i cultures. A banda d&#8217;aix\u00f2, en alguns llocs tamb\u00e9 \u00e9s habitual fer-se tatuatges amb henna. \u00c9s una data on \u00e9s tradicional fer regals i donar diners als infants. <\/p>\n\n\n\n<p>Per desitjar-se bona festa es diu: Eid mub\u00e0rak! (&#8216;bene\u00eft Eid!&#8217;)<\/p>\n\n\n\n<p>Aqu\u00ed a Catalunya celebrar Eid \u00e9s una mica dif\u00edcil perqu\u00e8 no hi ha festa en canvi a pa\u00efsos isl\u00e0mics s\u00ed i \u00e9s una pena que molta gent no pugui celebrar aquesta festa despr\u00e9s de fer el Ramadan. Espero que us hagueu informat m\u00e9s sobre el que \u00e9s Eid, i no us quedin m\u00e9s dubtes com abans!<\/p>\n","protected":false},"excerpt":{"rendered":"<p>Eid -al-fitr \u00e9s una festivitat musulmana que marca el final del dejuni del mes de ramad\u00e0. Eid significa en \u00e0rab &#8220;festivitat&#8221; i fi\u1e6dr significa &#8220;purificar&#8221;, per aix\u00f2 aquesta&#8230;<\/p>\n","protected":false},"author":102,"featured_media":436,"comment_status":"open","ping_status":"open","sticky":false,"template":"","format":"standard","meta":{"footnotes":""},"categories":[34],"tags":[],"_links":{"self":[{"href":"https:\/\/institutviladomat.cat\/portfoli\/16irsakhan\/wp-json\/wp\/v2\/posts\/435"}],"collection":[{"href":"https:\/\/institutviladomat.cat\/portfoli\/16irsakhan\/wp-json\/wp\/v2\/posts"}],"about":[{"href":"https:\/\/institutviladomat.cat\/portfoli\/16irsakhan\/wp-json\/wp\/v2\/types\/post"}],"author":[{"embeddable":true,"href":"https:\/\/institutviladomat.cat\/portfoli\/16irsakhan\/wp-json\/wp\/v2\/users\/102"}],"replies":[{"embeddable":true,"href":"https:\/\/institutviladomat.cat\/portfoli\/16irsakhan\/wp-json\/wp\/v2\/comments?post=435"}],"version-history":[{"count":1,"href":"https:\/\/institutviladomat.cat\/portfoli\/16irsakhan\/wp-json\/wp\/v2\/posts\/435\/revisions"}],"predecessor-version":[{"id":437,"href":"https:\/\/institutviladomat.cat\/portfoli\/16irsakhan\/wp-json\/wp\/v2\/posts\/435\/revisions\/437"}],"wp:featuredmedia":[{"embeddable":true,"href":"https:\/\/institutviladomat.cat\/portfoli\/16irsakhan\/wp-json\/wp\/v2\/media\/436"}],"wp:attachment":[{"href":"https:\/\/institutviladomat.cat\/portfoli\/16irsakhan\/wp-json\/wp\/v2\/media?parent=435"}],"wp:term":[{"taxonomy":"category","embeddable":true,"href":"https:\/\/institutviladomat.cat\/portfoli\/16irsakhan\/wp-json\/wp\/v2\/categories?post=435"},{"taxonomy":"post_tag","embeddable":true,"href":"https:\/\/institutviladomat.cat\/portfoli\/16irsakhan\/wp-json\/wp\/v2\/tags?post=435"}],"curies":[{"name":"wp","href":"https:\/\/api.w.org\/{rel}","templated":true}]}}