{"id":438,"date":"2019-06-18T11:14:56","date_gmt":"2019-06-18T11:14:56","guid":{"rendered":"http:\/\/institutviladomat.cat\/portfoli\/16irsakhan\/?p=438"},"modified":"2019-06-18T11:14:56","modified_gmt":"2019-06-18T11:14:56","slug":"carta-a-un-infant-durant-la-revolucio-industrial","status":"publish","type":"post","link":"https:\/\/institutviladomat.cat\/portfoli\/16irsakhan\/2019\/06\/18\/carta-a-un-infant-durant-la-revolucio-industrial\/","title":{"rendered":"Carta a un infant durant la Revoluci\u00f3 Industrial"},"content":{"rendered":"\n<p>Benvolgut George,<\/p>\n\n\n\n<p>T\u2019escric des del segle XXl per a comparar la societat que tenim ara i la que en tens tu, em posar\u00e9 en la situaci\u00f3 centrant la teva foto amb el teu amic o company de treball. Segurament la foto us la varen fer algun dia de les jornades dures i de tantes hores que feu en f\u00e0brica de t\u00e8xtil. No aparentes tenir l&#8217;edat de treballar, per\u00f2 en aquell segle ja havies de comen\u00e7ar a treballar des dels 7 a 10 anys. \u00c9s molt trist veure&#8217;t treballar en aquesta edat, quan jo tenia la teva edat estava gaudint de la meva inf\u00e0ncia. Per\u00f2 en canvi a tu te l&#8217;ha estan arru\u00efnen, la meva preocupaci\u00f3 en l&#8217;edat que tens tu era si trencava alguna cosa, la mama em renyaria o alguna cosa semblant. Per\u00f2 en canvi la teva preocupaci\u00f3 \u00e9s de no fer cap cosa malament perqu\u00e8 o si no et trauran diners del salari i per a la teva fam\u00edlia no hi ser\u00e0 prou.  I  tamb\u00e9 et preocupes per a portar els diners necess\u00e0ris, a casa treballaves durant jornades interminables de m\u00e9s de 10 hores di\u00e0ries, amb unes condicions de salut molt prec\u00e0ries i amb una higiene que deixa molt a desitjar. Molts dels teus amics estaran en el cam\u00ed de drogues, en canvi els meus estan en cam\u00ed d&#8217;anar a universitat i batxillerat o d&#8217;aqu\u00ed uns anys a treballar. Perqu\u00e8 ara en el segle XXl \u00e9s obligatori tenir 16 anys per a treballar.<\/p>\n\n\n\n<p>Aix\u00f2 no vol dir que la llei que t&#8217;acabo de dir s&#8217;aplica, a tot arreu de m\u00f3n nom\u00e9s s&#8217;aplica i \u00e9s vigent a alguns llocs. Ja que ara mateix mentre escrivia la carta m&#8217;he adonat que porto roba de bona marca que segurament est\u00e0 fabricada per a nens i nenes com tu. Ademes encara que intent\u00e9ssim treure&#8217;ls d&#8217;aquesta situaci\u00f3 en el segle que estem tamb\u00e9 \u00e9s dif\u00edcil perqu\u00e8 els empresaris d&#8217;aquestes multinacionals s\u00f3n id\u00e8ntics que els que tens tu. Perqu\u00e8 amb l&#8217;ho rics que s\u00f3n fan callar a totes les teles que intenten parlar sobre aquest tema. Avui en dia tamb\u00e9 es fan manifestacions d'&#8221;esclavitud moderna&#8221; que s\u00f3n per a defensar les idees que defens\u00e0veu vosaltres en el vostre segle. Encara que vau aconseguir la majoria de les coses que vol\u00edeu encara hi queden moltes coses per a arreglar. <\/p>\n\n\n\n<p>Espero que entenguis com les coses s\u00f3n ara i com s\u00f3n en el teu segle, no s\u00e9 si entendres totes les coses que he posat en la carta o necessitar\u00e0s l&#8217;ajuda d&#8217;un bibliotecari. Si \u00e9s el cas, no et posis trist que aviat les coses es milloraran. <br><\/p>\n\n\n\n<p>Cordialment,<\/p>\n\n\n\n<p>Irsa Safdar Khan Kousar<\/p>\n","protected":false},"excerpt":{"rendered":"<p>Benvolgut George, T\u2019escric des del segle XXl per a comparar la societat que tenim ara i la que en tens tu, em posar\u00e9 en la situaci\u00f3 centrant la&#8230;<\/p>\n","protected":false},"author":102,"featured_media":439,"comment_status":"open","ping_status":"open","sticky":false,"template":"","format":"standard","meta":{"footnotes":""},"categories":[41],"tags":[],"_links":{"self":[{"href":"https:\/\/institutviladomat.cat\/portfoli\/16irsakhan\/wp-json\/wp\/v2\/posts\/438"}],"collection":[{"href":"https:\/\/institutviladomat.cat\/portfoli\/16irsakhan\/wp-json\/wp\/v2\/posts"}],"about":[{"href":"https:\/\/institutviladomat.cat\/portfoli\/16irsakhan\/wp-json\/wp\/v2\/types\/post"}],"author":[{"embeddable":true,"href":"https:\/\/institutviladomat.cat\/portfoli\/16irsakhan\/wp-json\/wp\/v2\/users\/102"}],"replies":[{"embeddable":true,"href":"https:\/\/institutviladomat.cat\/portfoli\/16irsakhan\/wp-json\/wp\/v2\/comments?post=438"}],"version-history":[{"count":1,"href":"https:\/\/institutviladomat.cat\/portfoli\/16irsakhan\/wp-json\/wp\/v2\/posts\/438\/revisions"}],"predecessor-version":[{"id":440,"href":"https:\/\/institutviladomat.cat\/portfoli\/16irsakhan\/wp-json\/wp\/v2\/posts\/438\/revisions\/440"}],"wp:featuredmedia":[{"embeddable":true,"href":"https:\/\/institutviladomat.cat\/portfoli\/16irsakhan\/wp-json\/wp\/v2\/media\/439"}],"wp:attachment":[{"href":"https:\/\/institutviladomat.cat\/portfoli\/16irsakhan\/wp-json\/wp\/v2\/media?parent=438"}],"wp:term":[{"taxonomy":"category","embeddable":true,"href":"https:\/\/institutviladomat.cat\/portfoli\/16irsakhan\/wp-json\/wp\/v2\/categories?post=438"},{"taxonomy":"post_tag","embeddable":true,"href":"https:\/\/institutviladomat.cat\/portfoli\/16irsakhan\/wp-json\/wp\/v2\/tags?post=438"}],"curies":[{"name":"wp","href":"https:\/\/api.w.org\/{rel}","templated":true}]}}