{"id":462,"date":"2019-10-25T09:38:39","date_gmt":"2019-10-25T09:38:39","guid":{"rendered":"http:\/\/institutviladomat.cat\/portfoli\/16irsakhan\/?p=462"},"modified":"2019-10-28T11:18:28","modified_gmt":"2019-10-28T11:18:28","slug":"die-welle","status":"publish","type":"post","link":"https:\/\/institutviladomat.cat\/portfoli\/16irsakhan\/2019\/10\/25\/die-welle\/","title":{"rendered":"DIE WELLE"},"content":{"rendered":"\n<p>Pel&nbsp;tancament de la&nbsp;SA_401&nbsp;hem vist una magn\u00edfica&nbsp;pel\u00b7l\u00edcula&nbsp;que es diu&nbsp;DIE&nbsp;WELLE&nbsp;que vol dir&nbsp;L&#8217;Ona. El tema&nbsp;principal&nbsp;de la&nbsp;pel\u00b7l\u00edcula&nbsp;\u00e9s que un mestre d&#8217;institut vol ensenyar els seus alumnes que com \u00e9s la vida sota uns espins de dictadura. Es converteix horriblement fora de control quan forma una unitat social amb una vida pr\u00f2pia.<\/p>\n\n\n\n<p>M&#8217;ha encantat la peli&nbsp;encara que el&nbsp;principi&nbsp;no era molt entenedora,&nbsp;per\u00f2&nbsp;despr\u00e9s a mesura que s&#8217;anava desenvolupant la&nbsp;pel\u00b7l\u00edcula&nbsp;m&#8217;anava agradant m\u00e9s. Jo m&#8217;identificaria amb el Marco, ja que ell ha fet&nbsp;quasi&nbsp;totes les coses que jo podria haver arribat de fer-les.<\/p>\n\n\n\n<p>Hem&nbsp;sembla que el que han representat en la&nbsp;pel\u00b7l\u00edcula&nbsp;\u00e9s una cosa que pots dir&nbsp;que&nbsp;\u00e9s&nbsp;molt f\u00e0cil que passi avui en dia. Perqu\u00e8 moltes de les coses que requereix l&#8217;autocr\u00e0cia estan passant.<\/p>\n\n\n\n<p>En conclusi\u00f3, l&#8217;experiment&nbsp;que havia intentat fer el professor no era dolent&nbsp;nom\u00e9s&nbsp;que hauria d&#8217;haver pensat una mica millor abans de fer-lo.<br><\/p>\n","protected":false},"excerpt":{"rendered":"<p>Pel&nbsp;tancament de la&nbsp;SA_401&nbsp;hem vist una magn\u00edfica&nbsp;pel\u00b7l\u00edcula&nbsp;que es diu&nbsp;DIE&nbsp;WELLE&nbsp;que vol dir&nbsp;L&#8217;Ona. El tema&nbsp;principal&nbsp;de la&nbsp;pel\u00b7l\u00edcula&nbsp;\u00e9s que un mestre d&#8217;institut vol ensenyar els seus alumnes que com \u00e9s la vida sota&#8230;<\/p>\n","protected":false},"author":102,"featured_media":463,"comment_status":"open","ping_status":"open","sticky":false,"template":"","format":"standard","meta":{"footnotes":""},"categories":[43,42,1],"tags":[],"_links":{"self":[{"href":"https:\/\/institutviladomat.cat\/portfoli\/16irsakhan\/wp-json\/wp\/v2\/posts\/462"}],"collection":[{"href":"https:\/\/institutviladomat.cat\/portfoli\/16irsakhan\/wp-json\/wp\/v2\/posts"}],"about":[{"href":"https:\/\/institutviladomat.cat\/portfoli\/16irsakhan\/wp-json\/wp\/v2\/types\/post"}],"author":[{"embeddable":true,"href":"https:\/\/institutviladomat.cat\/portfoli\/16irsakhan\/wp-json\/wp\/v2\/users\/102"}],"replies":[{"embeddable":true,"href":"https:\/\/institutviladomat.cat\/portfoli\/16irsakhan\/wp-json\/wp\/v2\/comments?post=462"}],"version-history":[{"count":2,"href":"https:\/\/institutviladomat.cat\/portfoli\/16irsakhan\/wp-json\/wp\/v2\/posts\/462\/revisions"}],"predecessor-version":[{"id":466,"href":"https:\/\/institutviladomat.cat\/portfoli\/16irsakhan\/wp-json\/wp\/v2\/posts\/462\/revisions\/466"}],"wp:featuredmedia":[{"embeddable":true,"href":"https:\/\/institutviladomat.cat\/portfoli\/16irsakhan\/wp-json\/wp\/v2\/media\/463"}],"wp:attachment":[{"href":"https:\/\/institutviladomat.cat\/portfoli\/16irsakhan\/wp-json\/wp\/v2\/media?parent=462"}],"wp:term":[{"taxonomy":"category","embeddable":true,"href":"https:\/\/institutviladomat.cat\/portfoli\/16irsakhan\/wp-json\/wp\/v2\/categories?post=462"},{"taxonomy":"post_tag","embeddable":true,"href":"https:\/\/institutviladomat.cat\/portfoli\/16irsakhan\/wp-json\/wp\/v2\/tags?post=462"}],"curies":[{"name":"wp","href":"https:\/\/api.w.org\/{rel}","templated":true}]}}