{"id":479,"date":"2019-12-10T08:07:43","date_gmt":"2019-12-10T08:07:43","guid":{"rendered":"http:\/\/institutviladomat.cat\/portfoli\/16irsakhan\/?p=479"},"modified":"2019-12-10T08:07:43","modified_gmt":"2019-12-10T08:07:43","slug":"el-violi-dauschwitz","status":"publish","type":"post","link":"https:\/\/institutviladomat.cat\/portfoli\/16irsakhan\/2019\/12\/10\/el-violi-dauschwitz\/","title":{"rendered":"El viol\u00ed d&#039;Auschwitz"},"content":{"rendered":"\n<p>Aquesta situaci\u00f3 a catal\u00e0 hem llegit un llibre de la Maria \u00c0ngels Anglada, el viol\u00ed d&#8217;Auschwitz. Era llicenciada en Filologia Cl\u00e0ssica per la Universitat de Barcelona i coneixedora del m\u00f3n cl\u00e0ssic, va traduir textos del llat\u00ed i del grec al catal\u00e0. Va conrear diversos g\u00e8neres com la poesia, la narrativa, la cr\u00edtica liter\u00e0ria i l&#8217;assaig literari. Va col\u00b7laborar en diverses publicacions peri\u00f2diques. De les seves obres, destaquen:\u00a0<em>Les Closes<\/em>, novel\u00b7la guanyadora del premi Josep Pla 1978,\u00a0<em>Sand\u00e0lies d&#8217;escuma<\/em>, premi Lletra d&#8217;Or 1985,\u00a0<em>Columnes d&#8217;hores<\/em>, recull de tota la seva poesia fins l&#8217;any 1990, i, sobretot,\u00a0<em>El viol\u00ed d&#8217;Auschwitz<\/em>, novel\u00b7la elogiada tant per la cr\u00edtica com pel p\u00fablic, i\u00a0<em>Quadern d&#8217;Aram<\/em>, a m\u00e9s d&#8217;un parell de llibres de relats sobre la mitologia grega adre\u00e7ats als lectors joves. Va ser membre de l&#8217;Associaci\u00f3 d&#8217;Escriptors en Llengua Catalana.<\/p>\n\n\n\n<p>Sinopsis del llibre: Un cop recl\u00f2s al camp d&#8217;extermini d&#8217;Auschwitz, en Daniel, un luthier jueu, amaga als nazis el seu ofici. Per sobreviure els diu que \u00e9s fuster, una feina amb una utilitat pr\u00e0ctica que li permet resistir les condicions de vida infrahumanes i ajornar aix\u00ed la seva probable \u00abeliminaci\u00f3\u00bb. Gran aficionat a la m\u00fasica cl\u00e0ssica, el comandant del camp descobreix la veritable professi\u00f3 d&#8217;en Daniel i aleshores el sotmet a una prova: li haur\u00e0 de construir un viol\u00ed que tingui un so perfecte. El lutier comen\u00e7a l&#8217;obra, per\u00f2 no es pot ni imaginar el c\u00e0stig si no compleix b\u00e9 el sinistre enc\u00e0rrec.<\/p>\n\n\n\n<p>Una vegada l&#8217;he, llegit hem fet unes activitats sobre el llibre, que eren individuals. Despr\u00e8s hem fet un treball en grup que era dissenyar la solapa i la faixa del llibre. <\/p>\n\n\n\n<p>El llibre m&#8217;ha agradat tant que l&#8217;he  recomanat a moltes persones especialment a les meves amigues. <\/p>\n","protected":false},"excerpt":{"rendered":"<p>Aquesta situaci\u00f3 a catal\u00e0 hem llegit un llibre de la Maria \u00c0ngels Anglada, el viol\u00ed d&#8217;Auschwitz. Era llicenciada en Filologia Cl\u00e0ssica per la Universitat de Barcelona i coneixedora&#8230;<\/p>\n","protected":false},"author":102,"featured_media":486,"comment_status":"open","ping_status":"open","sticky":false,"template":"","format":"standard","meta":{"footnotes":""},"categories":[44,42,1],"tags":[],"_links":{"self":[{"href":"https:\/\/institutviladomat.cat\/portfoli\/16irsakhan\/wp-json\/wp\/v2\/posts\/479"}],"collection":[{"href":"https:\/\/institutviladomat.cat\/portfoli\/16irsakhan\/wp-json\/wp\/v2\/posts"}],"about":[{"href":"https:\/\/institutviladomat.cat\/portfoli\/16irsakhan\/wp-json\/wp\/v2\/types\/post"}],"author":[{"embeddable":true,"href":"https:\/\/institutviladomat.cat\/portfoli\/16irsakhan\/wp-json\/wp\/v2\/users\/102"}],"replies":[{"embeddable":true,"href":"https:\/\/institutviladomat.cat\/portfoli\/16irsakhan\/wp-json\/wp\/v2\/comments?post=479"}],"version-history":[{"count":2,"href":"https:\/\/institutviladomat.cat\/portfoli\/16irsakhan\/wp-json\/wp\/v2\/posts\/479\/revisions"}],"predecessor-version":[{"id":487,"href":"https:\/\/institutviladomat.cat\/portfoli\/16irsakhan\/wp-json\/wp\/v2\/posts\/479\/revisions\/487"}],"wp:featuredmedia":[{"embeddable":true,"href":"https:\/\/institutviladomat.cat\/portfoli\/16irsakhan\/wp-json\/wp\/v2\/media\/486"}],"wp:attachment":[{"href":"https:\/\/institutviladomat.cat\/portfoli\/16irsakhan\/wp-json\/wp\/v2\/media?parent=479"}],"wp:term":[{"taxonomy":"category","embeddable":true,"href":"https:\/\/institutviladomat.cat\/portfoli\/16irsakhan\/wp-json\/wp\/v2\/categories?post=479"},{"taxonomy":"post_tag","embeddable":true,"href":"https:\/\/institutviladomat.cat\/portfoli\/16irsakhan\/wp-json\/wp\/v2\/tags?post=479"}],"curies":[{"name":"wp","href":"https:\/\/api.w.org\/{rel}","templated":true}]}}