{"id":488,"date":"2020-02-04T08:54:44","date_gmt":"2020-02-04T08:54:44","guid":{"rendered":"http:\/\/institutviladomat.cat\/portfoli\/16irsakhan\/?p=488"},"modified":"2020-02-04T08:54:44","modified_gmt":"2020-02-04T08:54:44","slug":"el-metodo","status":"publish","type":"post","link":"https:\/\/institutviladomat.cat\/portfoli\/16irsakhan\/2020\/02\/04\/el-metodo\/","title":{"rendered":"El m\u00e9todo"},"content":{"rendered":"\n<p>Per la obertura de la nova situaci\u00f3 SA_403_STATU QUO hem vist una pel\u00b7licula molt interresant que es diu &#8220;El m\u00e9tode&#8221;. <\/p>\n\n\n\n<p>El m\u00e9todo \u00e9s una pel\u00b7l\u00edcula hispano-argentino-italiana dirigida l&#8217;any 2005 per Marcelo Pi\u00f1eyro, adaptaci\u00f3 de la pe\u00e7a de teatre de l&#8217;autor catal\u00e0 Jordi Galceran, El m\u00e8tode Gr\u00f6nholm (2003).<\/p>\n\n\n\n<p>Ens situem en Madrid quan est\u00e0 assetjat per les manifestacions contra el Fons Monetari Internacional i la Banc Mundial, set candidats, cinc homes i dues dones, van a une entrevista per una pla\u00e7a de directiu, en la torre de la multinational Dekia. R\u00e0pidament, s&#8217;adonen que ning\u00fa no els rep i comprenen que s\u00f3n a la vegada objectes i subjectes de la selecci\u00f3.Des de pantalles d&#8217;ordinadors els guien en el proc\u00e9s d&#8217;eliminaci\u00f3 m\u00fatua.<\/p>\n\n\n\n<p>En general m&#8217;ha agradat molt la pel\u00b7li \u00e9s una de les primeres pel\u00b7licules que hem vist el institut i que la recomanaria. <\/p>\n\n\n\n<p><\/p>\n\n\n\n<p><\/p>\n","protected":false},"excerpt":{"rendered":"<p>Per la obertura de la nova situaci\u00f3 SA_403_STATU QUO hem vist una pel\u00b7licula molt interresant que es diu &#8220;El m\u00e9tode&#8221;. El m\u00e9todo \u00e9s una pel\u00b7l\u00edcula hispano-argentino-italiana dirigida l&#8217;any&#8230;<\/p>\n","protected":false},"author":102,"featured_media":489,"comment_status":"open","ping_status":"open","sticky":false,"template":"","format":"standard","meta":{"footnotes":""},"categories":[45,42],"tags":[],"_links":{"self":[{"href":"https:\/\/institutviladomat.cat\/portfoli\/16irsakhan\/wp-json\/wp\/v2\/posts\/488"}],"collection":[{"href":"https:\/\/institutviladomat.cat\/portfoli\/16irsakhan\/wp-json\/wp\/v2\/posts"}],"about":[{"href":"https:\/\/institutviladomat.cat\/portfoli\/16irsakhan\/wp-json\/wp\/v2\/types\/post"}],"author":[{"embeddable":true,"href":"https:\/\/institutviladomat.cat\/portfoli\/16irsakhan\/wp-json\/wp\/v2\/users\/102"}],"replies":[{"embeddable":true,"href":"https:\/\/institutviladomat.cat\/portfoli\/16irsakhan\/wp-json\/wp\/v2\/comments?post=488"}],"version-history":[{"count":1,"href":"https:\/\/institutviladomat.cat\/portfoli\/16irsakhan\/wp-json\/wp\/v2\/posts\/488\/revisions"}],"predecessor-version":[{"id":490,"href":"https:\/\/institutviladomat.cat\/portfoli\/16irsakhan\/wp-json\/wp\/v2\/posts\/488\/revisions\/490"}],"wp:featuredmedia":[{"embeddable":true,"href":"https:\/\/institutviladomat.cat\/portfoli\/16irsakhan\/wp-json\/wp\/v2\/media\/489"}],"wp:attachment":[{"href":"https:\/\/institutviladomat.cat\/portfoli\/16irsakhan\/wp-json\/wp\/v2\/media?parent=488"}],"wp:term":[{"taxonomy":"category","embeddable":true,"href":"https:\/\/institutviladomat.cat\/portfoli\/16irsakhan\/wp-json\/wp\/v2\/categories?post=488"},{"taxonomy":"post_tag","embeddable":true,"href":"https:\/\/institutviladomat.cat\/portfoli\/16irsakhan\/wp-json\/wp\/v2\/tags?post=488"}],"curies":[{"name":"wp","href":"https:\/\/api.w.org\/{rel}","templated":true}]}}