{"id":501,"date":"2020-03-20T21:58:50","date_gmt":"2020-03-20T21:58:50","guid":{"rendered":"http:\/\/institutviladomat.cat\/portfoli\/16irsakhan\/?p=501"},"modified":"2020-03-20T21:58:50","modified_gmt":"2020-03-20T21:58:50","slug":"energia-eolica","status":"publish","type":"post","link":"https:\/\/institutviladomat.cat\/portfoli\/16irsakhan\/2020\/03\/20\/energia-eolica\/","title":{"rendered":"Energia e\u00f3lica"},"content":{"rendered":"\n<p><br>L&#8217;energia e\u00f2lica \u00e9s una font d&#8217;energia renovable que utilitza la for\u00e7a de vent per generar electricitat. El principal mitj\u00e0 per obtenir-la s\u00f3n els aerogeneradors, &#8220;molins de vent&#8221; de mida variable que transformen amb les seves aspes l&#8217;energia cin\u00e8tica de vent en energia mec\u00e0nica.<\/p>\n\n\n\n<p><br>La quantitat d&#8217;energia que es pot obtenir est\u00e0 en funci\u00f3 de la mida de l&#8217; \u00abmol\u00ed\u00bb. A major longitud de les aspes, s&#8217;obt\u00e9 m\u00e9s pot\u00e8ncia i per tant m\u00e9s energia. La mida d&#8217;aquests moderns molins de vent sol variar, ja que hi ha unitats que van des dels 400 W i un di\u00e0metre de 3 metres. Utilitzats per a l&#8217;\u00fas dom\u00e8stic de les cases, fins als aerogeneradors comercials instal\u00b7lats per empreses d&#8217;electricitat que arriben a tenir una pot\u00e8ncia de 2,5 MW i 80 m. de di\u00e0metre d&#8217;aspes.<\/p>\n\n\n\n<p>Tota aquesta informaci\u00f3 la vam tenir que posar en un visual thinking, aqu\u00ed est\u00e0 com va quedar el meu:<\/p>\n\n\n\n<figure class=\"wp-block-image size-large\"><img decoding=\"async\" loading=\"lazy\" width=\"745\" height=\"525\" src=\"http:\/\/institutviladomat.cat\/portfoli\/16irsakhan\/wp-content\/uploads\/sites\/100\/2020\/03\/Screenshot-2020-03-20-at-22.57.30.png\" alt=\"\" class=\"wp-image-502\" srcset=\"https:\/\/institutviladomat.cat\/portfoli\/16irsakhan\/wp-content\/uploads\/sites\/100\/2020\/03\/Screenshot-2020-03-20-at-22.57.30.png 745w, https:\/\/institutviladomat.cat\/portfoli\/16irsakhan\/wp-content\/uploads\/sites\/100\/2020\/03\/Screenshot-2020-03-20-at-22.57.30-300x211.png 300w, https:\/\/institutviladomat.cat\/portfoli\/16irsakhan\/wp-content\/uploads\/sites\/100\/2020\/03\/Screenshot-2020-03-20-at-22.57.30-508x358.png 508w\" sizes=\"(max-width: 745px) 100vw, 745px\" \/><\/figure>\n","protected":false},"excerpt":{"rendered":"<p>L&#8217;energia e\u00f2lica \u00e9s una font d&#8217;energia renovable que utilitza la for\u00e7a de vent per generar electricitat. El principal mitj\u00e0 per obtenir-la s\u00f3n els aerogeneradors, &#8220;molins de vent&#8221; de&#8230;<\/p>\n","protected":false},"author":102,"featured_media":503,"comment_status":"open","ping_status":"open","sticky":false,"template":"","format":"standard","meta":{"footnotes":""},"categories":[46,42],"tags":[],"_links":{"self":[{"href":"https:\/\/institutviladomat.cat\/portfoli\/16irsakhan\/wp-json\/wp\/v2\/posts\/501"}],"collection":[{"href":"https:\/\/institutviladomat.cat\/portfoli\/16irsakhan\/wp-json\/wp\/v2\/posts"}],"about":[{"href":"https:\/\/institutviladomat.cat\/portfoli\/16irsakhan\/wp-json\/wp\/v2\/types\/post"}],"author":[{"embeddable":true,"href":"https:\/\/institutviladomat.cat\/portfoli\/16irsakhan\/wp-json\/wp\/v2\/users\/102"}],"replies":[{"embeddable":true,"href":"https:\/\/institutviladomat.cat\/portfoli\/16irsakhan\/wp-json\/wp\/v2\/comments?post=501"}],"version-history":[{"count":1,"href":"https:\/\/institutviladomat.cat\/portfoli\/16irsakhan\/wp-json\/wp\/v2\/posts\/501\/revisions"}],"predecessor-version":[{"id":504,"href":"https:\/\/institutviladomat.cat\/portfoli\/16irsakhan\/wp-json\/wp\/v2\/posts\/501\/revisions\/504"}],"wp:featuredmedia":[{"embeddable":true,"href":"https:\/\/institutviladomat.cat\/portfoli\/16irsakhan\/wp-json\/wp\/v2\/media\/503"}],"wp:attachment":[{"href":"https:\/\/institutviladomat.cat\/portfoli\/16irsakhan\/wp-json\/wp\/v2\/media?parent=501"}],"wp:term":[{"taxonomy":"category","embeddable":true,"href":"https:\/\/institutviladomat.cat\/portfoli\/16irsakhan\/wp-json\/wp\/v2\/categories?post=501"},{"taxonomy":"post_tag","embeddable":true,"href":"https:\/\/institutviladomat.cat\/portfoli\/16irsakhan\/wp-json\/wp\/v2\/tags?post=501"}],"curies":[{"name":"wp","href":"https:\/\/api.w.org\/{rel}","templated":true}]}}