{"id":508,"date":"2020-04-02T14:35:43","date_gmt":"2020-04-02T14:35:43","guid":{"rendered":"http:\/\/institutviladomat.cat\/portfoli\/16irsakhan\/?p=508"},"modified":"2020-04-02T14:35:43","modified_gmt":"2020-04-02T14:35:43","slug":"matar-el-monstre","status":"publish","type":"post","link":"https:\/\/institutviladomat.cat\/portfoli\/16irsakhan\/2020\/04\/02\/matar-el-monstre\/","title":{"rendered":"Matar el monstre"},"content":{"rendered":"\n<p><a href=\"https:\/\/www.ccma.cat\/tv3\/alacarta\/30-minuts\/matar-el-monstre\/video\/5948895\/\">Matar el monstre<\/a> \u00e9s un reportatge de Sara Segarra i Sion Biurrun   del programa 30 minuts (TV3) sobre un moviment transformador social actual.<\/p>\n\n\n\n<p>Jo he triat aquest reportatge\u00a0perqu\u00e8\u00a0el t\u00edtol en si crida molt l&#8217;atenci\u00f3 i\u00a0d\u00f3na\u00a0ganes de saber sobre que tracta el reportatge. A m\u00e9s\u00a0despr\u00e9s\u00a0de llegir una mica el que posava a la descripci\u00f3 m&#8217;ha semblat un tema que a mi\u00a0m&#8217;interessaria\u00a0saber.<\/p>\n\n\n\n<p>El reportatge parla sobre la pr\u00e0tica de la mutilaci\u00f3 genital femenina, que encara es fa a 29 pa\u00efsos i que pateixen algunes dones i nenes que viuen en aquells pa\u00efsos.  Ens ensenyenan testimoni de dones que ens expliquen com ho van viure de petites i com ho han superat. <\/p>\n\n\n\n<figure class=\"wp-block-image size-large\"><img decoding=\"async\" loading=\"lazy\" width=\"831\" height=\"410\" src=\"http:\/\/institutviladomat.cat\/portfoli\/16irsakhan\/wp-content\/uploads\/sites\/100\/2020\/04\/Screenshot-2020-04-02-at-16.31.38.png\" alt=\"\" class=\"wp-image-509\" srcset=\"https:\/\/institutviladomat.cat\/portfoli\/16irsakhan\/wp-content\/uploads\/sites\/100\/2020\/04\/Screenshot-2020-04-02-at-16.31.38.png 831w, https:\/\/institutviladomat.cat\/portfoli\/16irsakhan\/wp-content\/uploads\/sites\/100\/2020\/04\/Screenshot-2020-04-02-at-16.31.38-300x148.png 300w, https:\/\/institutviladomat.cat\/portfoli\/16irsakhan\/wp-content\/uploads\/sites\/100\/2020\/04\/Screenshot-2020-04-02-at-16.31.38-768x379.png 768w, https:\/\/institutviladomat.cat\/portfoli\/16irsakhan\/wp-content\/uploads\/sites\/100\/2020\/04\/Screenshot-2020-04-02-at-16.31.38-508x251.png 508w\" sizes=\"(max-width: 831px) 100vw, 831px\" \/><figcaption><a href=\"https:\/\/www.ccma.cat\/tv3\/alacarta\/30-minuts\/matar-el-monstre\/video\/5948895\/\" target=\"_blank\" rel=\"noreferrer noopener\">https:\/\/www.ccma.cat\/tv3\/alacarta\/30-minuts\/matar-el-monstre\/video\/5948895\/<\/a><\/figcaption><\/figure>\n\n\n\n<p>La mutilaci\u00f3 genital femenina \u00e9s un atemptat contra la integritat f\u00edsica de les dones i una violaci\u00f3 dels seus drets sexuals i reproductius. Una pr\u00e0ctica que deixa seq\u00fceles f\u00edsiques i ps\u00edquiques a qui ho ha patit.<\/p>\n\n\n\n<p>Parla d&#8217;hist\u00f2ries personals de les v\u00edctimes, que en alguns casos no han estat capaces d&#8217;explicar fins ara. Escoltem la veu de dones que han estat v\u00edctimes d&#8217;aquesta pr\u00e0ctica, que es fa a 29 pa\u00efsos, la majoria de l&#8217;\u00c0frica subsahariana, per\u00f2 tamb\u00e9 a regions de l&#8217;Orient Mitj\u00e0, l&#8217;\u00c0sia i Am\u00e8rica Llatina. Recolleixen i demostren la veu de militants i activistes, aqu\u00ed a Catalunya, i als pa\u00efsos d&#8217;origen.<\/p>\n\n\n\n<p>Tamb\u00e9 es mostra la feina que es fa a prop de Par\u00eds, a Saint Denis, amb La Maison des Femmes (&#8220;La Casa de les Dones&#8221;), un centre apadrinat per la cantant Inna Modja, v\u00edctima de mutilaci\u00f3 genital femenina. Un centre amb assist\u00e8ncia integral a les dones que arriben a Fran\u00e7a, on es calcula que unes seixanta mil estan mutilades.<\/p>\n\n\n\n<p>A mi personalment m&#8217;ha semblat un reporatatge molt interessant i aix\u00f3 que jo normalment no s\u00f3c de mirar reportatges. Per\u00f3 el contingut i la manera de com ho han explicat ha estat s\u00f9per b\u00e9 i m&#8217;he informat de moltes m\u00e9s coses de les que sabia. \u00c9s un reportatge amb moltes peces, que juntes permeten entendre que \u00e9s la mutilaci\u00f3 genital femenina, des del punt de vista de les dones que ho han patit, amb l&#8217;ajuda de veus d&#8217;activistes i experts en la mat\u00e8ria.<\/p>\n","protected":false},"excerpt":{"rendered":"<p>Matar el monstre \u00e9s un reportatge de Sara Segarra i Sion Biurrun del programa 30 minuts (TV3) sobre un moviment transformador social actual. Jo he triat aquest reportatge\u00a0perqu\u00e8\u00a0el&#8230;<\/p>\n","protected":false},"author":102,"featured_media":510,"comment_status":"open","ping_status":"open","sticky":false,"template":"","format":"standard","meta":{"footnotes":""},"categories":[46,42],"tags":[],"_links":{"self":[{"href":"https:\/\/institutviladomat.cat\/portfoli\/16irsakhan\/wp-json\/wp\/v2\/posts\/508"}],"collection":[{"href":"https:\/\/institutviladomat.cat\/portfoli\/16irsakhan\/wp-json\/wp\/v2\/posts"}],"about":[{"href":"https:\/\/institutviladomat.cat\/portfoli\/16irsakhan\/wp-json\/wp\/v2\/types\/post"}],"author":[{"embeddable":true,"href":"https:\/\/institutviladomat.cat\/portfoli\/16irsakhan\/wp-json\/wp\/v2\/users\/102"}],"replies":[{"embeddable":true,"href":"https:\/\/institutviladomat.cat\/portfoli\/16irsakhan\/wp-json\/wp\/v2\/comments?post=508"}],"version-history":[{"count":1,"href":"https:\/\/institutviladomat.cat\/portfoli\/16irsakhan\/wp-json\/wp\/v2\/posts\/508\/revisions"}],"predecessor-version":[{"id":511,"href":"https:\/\/institutviladomat.cat\/portfoli\/16irsakhan\/wp-json\/wp\/v2\/posts\/508\/revisions\/511"}],"wp:featuredmedia":[{"embeddable":true,"href":"https:\/\/institutviladomat.cat\/portfoli\/16irsakhan\/wp-json\/wp\/v2\/media\/510"}],"wp:attachment":[{"href":"https:\/\/institutviladomat.cat\/portfoli\/16irsakhan\/wp-json\/wp\/v2\/media?parent=508"}],"wp:term":[{"taxonomy":"category","embeddable":true,"href":"https:\/\/institutviladomat.cat\/portfoli\/16irsakhan\/wp-json\/wp\/v2\/categories?post=508"},{"taxonomy":"post_tag","embeddable":true,"href":"https:\/\/institutviladomat.cat\/portfoli\/16irsakhan\/wp-json\/wp\/v2\/tags?post=508"}],"curies":[{"name":"wp","href":"https:\/\/api.w.org\/{rel}","templated":true}]}}