{"id":64,"date":"2017-01-30T08:13:24","date_gmt":"2017-01-30T08:13:24","guid":{"rendered":"http:\/\/institutviladomat.cat\/portfoli\/16irsakhan\/?p=64"},"modified":"2017-03-31T11:38:03","modified_gmt":"2017-03-31T11:38:03","slug":"excursio-el-museu-de-matematica","status":"publish","type":"post","link":"https:\/\/institutviladomat.cat\/portfoli\/16irsakhan\/2017\/01\/30\/excursio-el-museu-de-matematica\/","title":{"rendered":"Excursi\u00f3 el: Museu de matem\u00e0tica"},"content":{"rendered":"<p>El dia 20 de gener la meva classe va fer una visita a el museu de la matem\u00e0tica, mentras jo estava de viatge a el meu pa\u00eds a Pakistan. He buscat el internet informaci\u00f3 sobre el museu i he descobert que: El Museu de Matem\u00e0tiques de Catalunya t\u00e9 la seu a la planta superior del Museu Palau Mercader de Cornell\u00e0, un espai amb m\u00e9s de 300 metres quadrats per acollir exposicions i activitats de tota mena on les matem\u00e0tiques s\u2019aborden des d\u2019un vessant pr\u00e0ctic i l\u00fadic i\u00a0l&#8217;Ajuntament de Cornell\u00e0 exposa permanentment la col\u00b7lecci\u00f3 &#8216;Experi\u00e8ncies matem\u00e0tiques&#8217;, constitu\u00efda per jocs, construccions i elements diversos agrupats en sales dedicades a la Geometria, els Miralls, C\u00e0lcul i estad\u00edstica, Combinat\u00f2ria i estrat\u00e8gia, i Cartografia. A mi tamb\u00e8 m&#8217;agradaria anar-hi , per\u00f2 com que estava de viatge&#8230;..<\/p>\n<p><img decoding=\"async\" loading=\"lazy\" class=\"\" src=\"http:\/\/www.cornella.cat\/files\/contenidos\/Patrimonio\/2014\/museumates.jpg\" alt=\"Resultat d'imatges de el museu de la matem\u00e0tica\" width=\"518\" height=\"345\" \/>\u00a0 \u00a0 \u00a0<img decoding=\"async\" src=\"http:\/\/www.39ymas.com\/wp-content\/uploads\/2014\/02\/estado-febrero-2014-museu-matematiques-cornella-550x314.jpg\" alt=\"Resultat d'imatges de el museu de la matem\u00e0tica\" \/><\/p>\n","protected":false},"excerpt":{"rendered":"<p>El dia 20 de gener la meva classe va fer una visita a el museu de la matem\u00e0tica, mentras jo estava de viatge a el meu pa\u00eds a&#8230;<\/p>\n","protected":false},"author":102,"featured_media":111,"comment_status":"open","ping_status":"open","sticky":false,"template":"","format":"standard","meta":{"footnotes":""},"categories":[1],"tags":[],"_links":{"self":[{"href":"https:\/\/institutviladomat.cat\/portfoli\/16irsakhan\/wp-json\/wp\/v2\/posts\/64"}],"collection":[{"href":"https:\/\/institutviladomat.cat\/portfoli\/16irsakhan\/wp-json\/wp\/v2\/posts"}],"about":[{"href":"https:\/\/institutviladomat.cat\/portfoli\/16irsakhan\/wp-json\/wp\/v2\/types\/post"}],"author":[{"embeddable":true,"href":"https:\/\/institutviladomat.cat\/portfoli\/16irsakhan\/wp-json\/wp\/v2\/users\/102"}],"replies":[{"embeddable":true,"href":"https:\/\/institutviladomat.cat\/portfoli\/16irsakhan\/wp-json\/wp\/v2\/comments?post=64"}],"version-history":[{"count":1,"href":"https:\/\/institutviladomat.cat\/portfoli\/16irsakhan\/wp-json\/wp\/v2\/posts\/64\/revisions"}],"predecessor-version":[{"id":65,"href":"https:\/\/institutviladomat.cat\/portfoli\/16irsakhan\/wp-json\/wp\/v2\/posts\/64\/revisions\/65"}],"wp:featuredmedia":[{"embeddable":true,"href":"https:\/\/institutviladomat.cat\/portfoli\/16irsakhan\/wp-json\/wp\/v2\/media\/111"}],"wp:attachment":[{"href":"https:\/\/institutviladomat.cat\/portfoli\/16irsakhan\/wp-json\/wp\/v2\/media?parent=64"}],"wp:term":[{"taxonomy":"category","embeddable":true,"href":"https:\/\/institutviladomat.cat\/portfoli\/16irsakhan\/wp-json\/wp\/v2\/categories?post=64"},{"taxonomy":"post_tag","embeddable":true,"href":"https:\/\/institutviladomat.cat\/portfoli\/16irsakhan\/wp-json\/wp\/v2\/tags?post=64"}],"curies":[{"name":"wp","href":"https:\/\/api.w.org\/{rel}","templated":true}]}}