{"id":19,"date":"2016-09-27T07:48:01","date_gmt":"2016-09-27T07:48:01","guid":{"rendered":"http:\/\/institutviladomat.cat\/portfoli\/16laiacantarell\/?p=19"},"modified":"2016-09-27T07:59:09","modified_gmt":"2016-09-27T07:59:09","slug":"com-era-lescola","status":"publish","type":"post","link":"https:\/\/institutviladomat.cat\/portfoli\/16laiacantarell\/2016\/09\/27\/com-era-lescola\/","title":{"rendered":"Com era l&#8217;escola???"},"content":{"rendered":"<p><img decoding=\"async\" loading=\"lazy\" class=\"alignnone size-medium wp-image-20\" src=\"http:\/\/institutviladomat.cat\/portfoli\/16laiacantarell\/wp-content\/uploads\/sites\/77\/2016\/09\/CEIP-DIPUTACIO1-225x300.jpg\" alt=\"ceip-diputacio1\" width=\"225\" height=\"300\" srcset=\"https:\/\/institutviladomat.cat\/portfoli\/16laiacantarell\/wp-content\/uploads\/sites\/77\/2016\/09\/CEIP-DIPUTACIO1-225x300.jpg 225w, https:\/\/institutviladomat.cat\/portfoli\/16laiacantarell\/wp-content\/uploads\/sites\/77\/2016\/09\/CEIP-DIPUTACIO1.jpg 600w\" sizes=\"(max-width: 225px) 100vw, 225px\" \/><\/p>\n<p>L&#8217;escola on anava era el Ceip Diputaci\u00f3. Era petita. Crec que l&#8217;escola t\u00e9 entre 15 i 20 anys.<\/p>\n<p>A sis\u00e9 vam anar de viatge de fi de curs a Su\u00efssa, m&#8217;ho vaig passar molt b\u00e9, sempre el recordar\u00e9.<\/p>\n<p>El que m\u00e9s m&#8217;agradava eren els amics i el que menys, clarament, el menjar, no el podia suportar!!!<\/p>\n<p>Ara que ho penso el que trobo a faltar s\u00f3n els amics, sense pensar-m&#8217;ho dues vegades, per\u00f2 ara n&#8217;he fet de nous.<\/p>\n","protected":false},"excerpt":{"rendered":"<p>L&#8217;escola on anava era el Ceip Diputaci\u00f3. Era petita. Crec que l&#8217;escola t\u00e9 entre 15 i 20 anys. A sis\u00e9 vam anar de viatge de fi de curs&#8230;<\/p>\n","protected":false},"author":79,"featured_media":0,"comment_status":"open","ping_status":"open","sticky":false,"template":"","format":"standard","meta":{"footnotes":""},"categories":[2],"tags":[13],"_links":{"self":[{"href":"https:\/\/institutviladomat.cat\/portfoli\/16laiacantarell\/wp-json\/wp\/v2\/posts\/19"}],"collection":[{"href":"https:\/\/institutviladomat.cat\/portfoli\/16laiacantarell\/wp-json\/wp\/v2\/posts"}],"about":[{"href":"https:\/\/institutviladomat.cat\/portfoli\/16laiacantarell\/wp-json\/wp\/v2\/types\/post"}],"author":[{"embeddable":true,"href":"https:\/\/institutviladomat.cat\/portfoli\/16laiacantarell\/wp-json\/wp\/v2\/users\/79"}],"replies":[{"embeddable":true,"href":"https:\/\/institutviladomat.cat\/portfoli\/16laiacantarell\/wp-json\/wp\/v2\/comments?post=19"}],"version-history":[{"count":3,"href":"https:\/\/institutviladomat.cat\/portfoli\/16laiacantarell\/wp-json\/wp\/v2\/posts\/19\/revisions"}],"predecessor-version":[{"id":23,"href":"https:\/\/institutviladomat.cat\/portfoli\/16laiacantarell\/wp-json\/wp\/v2\/posts\/19\/revisions\/23"}],"wp:attachment":[{"href":"https:\/\/institutviladomat.cat\/portfoli\/16laiacantarell\/wp-json\/wp\/v2\/media?parent=19"}],"wp:term":[{"taxonomy":"category","embeddable":true,"href":"https:\/\/institutviladomat.cat\/portfoli\/16laiacantarell\/wp-json\/wp\/v2\/categories?post=19"},{"taxonomy":"post_tag","embeddable":true,"href":"https:\/\/institutviladomat.cat\/portfoli\/16laiacantarell\/wp-json\/wp\/v2\/tags?post=19"}],"curies":[{"name":"wp","href":"https:\/\/api.w.org\/{rel}","templated":true}]}}