{"id":287,"date":"2018-01-20T13:03:49","date_gmt":"2018-01-20T13:03:49","guid":{"rendered":"http:\/\/institutviladomat.cat\/portfoli\/16laiacantarell\/?p=287"},"modified":"2018-03-01T17:56:41","modified_gmt":"2018-03-01T17:56:41","slug":"reportatge","status":"publish","type":"post","link":"https:\/\/institutviladomat.cat\/portfoli\/16laiacantarell\/2018\/01\/20\/reportatge\/","title":{"rendered":"DIFER\u00c8NCIES ECON\u00d2MIQUES DELS BARRIS DE PEDRALBES I CIUTAT MERIDIANA"},"content":{"rendered":"<p>El nostre grup hem volgut saber m\u00e9s sobre la desigualtat de rentes de Pedralbes i Ciutat Meridiana, dos barris de Barcelona. Vam tenir que explorar a internet per documentar-nos b\u00e9 sobre aquest tema i un cop vam haver recopilat tota la informaci\u00f3, vam decidir gravar el reportatge.<\/p>\n<p>Per fer el reportatge vam decidir anar als dos barris per ensenyar com vivia la gent i com afectaven les desigualtats de les rendes a la vida quotidiana de les persones. Vam fer diferentes entrevistes a gent que tenia el coratge o la necessitat de anar pel carrer un dia on feia fred i plovia, a causa d&#8217;aix\u00f2 ens va costar m\u00e9s tenir diferentes opinions.<\/p>\n<p>&nbsp;<\/p>\n<p>Aqu\u00ed us deixo el reportatge:<\/p>\n<p><a href=\"https:\/\/www.kizoa.com\/Movie-Maker\/d170680420k1738331o1\/difer%C3%A8ncia-econmica-dels-barris-de-barcelona\">&#8220;Reportatge difer\u00e8ncies econ\u00f2miques entre el barri de Pedralbes i Ciutat Meridiana &#8220;<\/a><\/p>\n<p>Hi va haver un problema amb l&#8217;edici\u00f3 del v\u00eddeo i les trancicions tapen les \u00faltimes paraules de cada frase.<\/p>\n","protected":false},"excerpt":{"rendered":"<p>El nostre grup hem volgut saber m\u00e9s sobre la desigualtat de rentes de Pedralbes i Ciutat Meridiana, dos barris de Barcelona. Vam tenir que explorar a internet per&#8230;<\/p>\n","protected":false},"author":79,"featured_media":348,"comment_status":"open","ping_status":"open","sticky":false,"template":"","format":"standard","meta":{"footnotes":""},"categories":[29,1,28],"tags":[55,56,39],"_links":{"self":[{"href":"https:\/\/institutviladomat.cat\/portfoli\/16laiacantarell\/wp-json\/wp\/v2\/posts\/287"}],"collection":[{"href":"https:\/\/institutviladomat.cat\/portfoli\/16laiacantarell\/wp-json\/wp\/v2\/posts"}],"about":[{"href":"https:\/\/institutviladomat.cat\/portfoli\/16laiacantarell\/wp-json\/wp\/v2\/types\/post"}],"author":[{"embeddable":true,"href":"https:\/\/institutviladomat.cat\/portfoli\/16laiacantarell\/wp-json\/wp\/v2\/users\/79"}],"replies":[{"embeddable":true,"href":"https:\/\/institutviladomat.cat\/portfoli\/16laiacantarell\/wp-json\/wp\/v2\/comments?post=287"}],"version-history":[{"count":5,"href":"https:\/\/institutviladomat.cat\/portfoli\/16laiacantarell\/wp-json\/wp\/v2\/posts\/287\/revisions"}],"predecessor-version":[{"id":351,"href":"https:\/\/institutviladomat.cat\/portfoli\/16laiacantarell\/wp-json\/wp\/v2\/posts\/287\/revisions\/351"}],"wp:featuredmedia":[{"embeddable":true,"href":"https:\/\/institutviladomat.cat\/portfoli\/16laiacantarell\/wp-json\/wp\/v2\/media\/348"}],"wp:attachment":[{"href":"https:\/\/institutviladomat.cat\/portfoli\/16laiacantarell\/wp-json\/wp\/v2\/media?parent=287"}],"wp:term":[{"taxonomy":"category","embeddable":true,"href":"https:\/\/institutviladomat.cat\/portfoli\/16laiacantarell\/wp-json\/wp\/v2\/categories?post=287"},{"taxonomy":"post_tag","embeddable":true,"href":"https:\/\/institutviladomat.cat\/portfoli\/16laiacantarell\/wp-json\/wp\/v2\/tags?post=287"}],"curies":[{"name":"wp","href":"https:\/\/api.w.org\/{rel}","templated":true}]}}