{"id":375,"date":"2018-05-31T17:29:27","date_gmt":"2018-05-31T17:29:27","guid":{"rendered":"http:\/\/institutviladomat.cat\/portfoli\/16laiacantarell\/?p=375"},"modified":"2018-05-31T17:30:55","modified_gmt":"2018-05-31T17:30:55","slug":"com-viatgen-les-nostres-dades-arreu-del-mon","status":"publish","type":"post","link":"https:\/\/institutviladomat.cat\/portfoli\/16laiacantarell\/2018\/05\/31\/com-viatgen-les-nostres-dades-arreu-del-mon\/","title":{"rendered":"Com viatgen les nostres dades arreu del m\u00f3n?"},"content":{"rendered":"<p>La Marta Ballesta aquest dilluns\u00a0 28 de maig en el plat\u00f3 de BTV ha portat una mostra de cable submar\u00ed, un element per on viatgen les nostres dades a Internet per tot el m\u00f3n, i explica com s\u00f3n aquests cables.<\/p>\n<p>La Marta va portar una mostra d&#8217;un cable submar\u00ed com els que hi ha per tots els oceans del m\u00f3n i per on circula la immensa majoria de la informaci\u00f3 de les dades del planeta.<\/p>\n<p>Els cables tenen moltes capes i les explica una a una. Va portar una mostra del cable Marea, un cable real, el que uneix actualment l&#8217;Estat Espanyol i els Estats Units, exactament de Bilbao a Virg\u00ednia i est\u00e0 operat per Microsoft Electr\u00f2nica i Facebook. Aquest cable es va acabar de desplegar a finals de l&#8217;any passat. T\u00e9 moltes capes i cada una t\u00e9 una funci\u00f3, i totes estan destinades a protegir els cables de fibra \u00f2ptica que contenen a l&#8217;interior.<\/p>\n<p>No tots els trams dels cables s\u00f3n iguals, depenent de la profunditat i del fons en els que s&#8217;han d&#8217;enfrontar. Hi ha dos grans grups de cables, els armats i els lleugers. Els armats s\u00f3n aquells que tenen m\u00e9s cables i estan m\u00e9s protegits, perqu\u00e8 estan pensats per ser posats a poca profunditat\u00a0 per\u00f2 en fons m\u00e9s rocosos i m\u00e9s abrasius i espais en que poden estar sotmesos\u00a0 a altres agresions. En canvi els cables lleugers que s\u00f3n els que van als fons oce\u00e0nics, poden arribar a 9.000 metres de profunditat, s\u00f3n m\u00e9s prims, com una m\u00e0nega de jard\u00ed, perqu\u00e8 no s&#8217;exposen a tants perills. En aquest cas el cable Marea seria exemple d&#8217;un cable de doble armat.<\/p>\n<p>La primera capa de les tantes que el composen s\u00f3n els filaments de fibra \u00f2ptica i estan protegits per un tub d&#8217;acer que dins seu t\u00e9 un compost visc\u00f3s que el que fa \u00e9s evitar que entri l&#8217;aigua. La seg\u00fcent capa \u00e9s una doble capa que est\u00e0 feta amb fils d&#8217;acer que el que fan \u00e9s donar resist\u00e8ncia a la tensi\u00f3 i a la presi\u00f3 de l&#8217;aigua. Aquesta capa \u00e9s la que permet que es desplegui des del vaixell fins al fons oce\u00e0nic. La tercera capa \u00e9s de coure que permet transportar i conduir l&#8217;electricitat necess\u00e0ria. Serveix per alimentar els amplificadors l\u00e0sers que hi ha cada x quil\u00f2metres i el que fa es que la senyal de fibra que va perdent for\u00e7a la torni a alimentar-se i faci un cam\u00ed m\u00e9s. La capa que segueix \u00e9s blanca, de poliatil\u00e9 d&#8217;alta densitat. Es l&#8217;encarregat d&#8217;evitar qualsevol possible cortcircuit entre la capa de coure, que \u00e9s la que condueix l&#8217;electricitat i l&#8217;aigua que hi pugui entrar. La cinquena capa \u00e9s una capa d&#8217;armadura formada per filaments d&#8217;acer i \u00e9s per protegir de qualsevol possible agressi\u00f3. L&#8217;altre capa \u00e9s negre que fa que perdi una mica de rigidesa, li d\u00f3na m\u00e9s flexibilitat, el fa m\u00e9s moldejable. Aquesta capa \u00e9s de polipropil\u00e9. Finalment hi ha dos capes m\u00e9s que reprodueixen les dues capes exteriors.<\/p>\n<p>Tots els cables submarins que estan avui en dia en servei transporten dades, per\u00f2 tamb\u00e9 trasllada la veu, la senyal de televisi\u00f3&#8230; Actualment hi ha 450 cables submarins circulant pels fons dels oceans, 1.200.000 kil\u00f2metres de cables per sota els nostres peus. Entre tots ells transporten el 95% de les telecomunicacions internacionals, de tot el planeta. El que fan aquests cables, aquesta fibra \u00f2ptica \u00e9s transportar feixos de llum, dades a trav\u00e9s de dispositius com els l\u00e0sers que s\u00f3n capa\u00e7os &#8220;encendre i apagar&#8221; aquest feixos de llum a molt\u00edssima velocitat. Poden traslladar l&#8217;informaci\u00f3 a una velocitat exagerada, a 10.000.000 de vegades per segon. Cada fibra pot tenir m\u00e9s d&#8217;un centenar de l\u00e0sers i que cada un d&#8217;ells actua a diferents longituts d&#8217;ona. Si ho anem multiplicant tot, es parla de molt\u00edssima informaci\u00f3. Un exemple m\u00e9s quotidi\u00e0 podria ser que l&#8217;informaci\u00f3 que poden contenir 4.000 DVD \u00e9s capa\u00e7 de travessar l&#8217;Atl\u00e0ntic en 1 segon.<\/p>\n<p>Quan s&#8217;espatlla un d&#8217;aquests cables, que \u00e9s molt sovint, estan tant preparats i monotoritzats que autom\u00e0ticament es passa amb menys d&#8217;un quart de segon perqu\u00e8 l&#8217;usuari ni tan sols se n&#8217;adoni.<\/p>\n","protected":false},"excerpt":{"rendered":"<p>La Marta Ballesta aquest dilluns\u00a0 28 de maig en el plat\u00f3 de BTV ha portat una mostra de cable submar\u00ed, un element per on viatgen les nostres dades&#8230;<\/p>\n","protected":false},"author":79,"featured_media":377,"comment_status":"open","ping_status":"open","sticky":false,"template":"","format":"standard","meta":{"footnotes":""},"categories":[1],"tags":[50],"_links":{"self":[{"href":"https:\/\/institutviladomat.cat\/portfoli\/16laiacantarell\/wp-json\/wp\/v2\/posts\/375"}],"collection":[{"href":"https:\/\/institutviladomat.cat\/portfoli\/16laiacantarell\/wp-json\/wp\/v2\/posts"}],"about":[{"href":"https:\/\/institutviladomat.cat\/portfoli\/16laiacantarell\/wp-json\/wp\/v2\/types\/post"}],"author":[{"embeddable":true,"href":"https:\/\/institutviladomat.cat\/portfoli\/16laiacantarell\/wp-json\/wp\/v2\/users\/79"}],"replies":[{"embeddable":true,"href":"https:\/\/institutviladomat.cat\/portfoli\/16laiacantarell\/wp-json\/wp\/v2\/comments?post=375"}],"version-history":[{"count":1,"href":"https:\/\/institutviladomat.cat\/portfoli\/16laiacantarell\/wp-json\/wp\/v2\/posts\/375\/revisions"}],"predecessor-version":[{"id":376,"href":"https:\/\/institutviladomat.cat\/portfoli\/16laiacantarell\/wp-json\/wp\/v2\/posts\/375\/revisions\/376"}],"wp:featuredmedia":[{"embeddable":true,"href":"https:\/\/institutviladomat.cat\/portfoli\/16laiacantarell\/wp-json\/wp\/v2\/media\/377"}],"wp:attachment":[{"href":"https:\/\/institutviladomat.cat\/portfoli\/16laiacantarell\/wp-json\/wp\/v2\/media?parent=375"}],"wp:term":[{"taxonomy":"category","embeddable":true,"href":"https:\/\/institutviladomat.cat\/portfoli\/16laiacantarell\/wp-json\/wp\/v2\/categories?post=375"},{"taxonomy":"post_tag","embeddable":true,"href":"https:\/\/institutviladomat.cat\/portfoli\/16laiacantarell\/wp-json\/wp\/v2\/tags?post=375"}],"curies":[{"name":"wp","href":"https:\/\/api.w.org\/{rel}","templated":true}]}}