{"id":421,"date":"2018-11-16T13:17:19","date_gmt":"2018-11-16T13:17:19","guid":{"rendered":"http:\/\/institutviladomat.cat\/portfoli\/16laiacantarell\/?p=421"},"modified":"2018-11-23T08:51:40","modified_gmt":"2018-11-23T08:51:40","slug":"the-zone-of-hope","status":"publish","type":"post","link":"https:\/\/institutviladomat.cat\/portfoli\/16laiacantarell\/2018\/11\/16\/the-zone-of-hope\/","title":{"rendered":"THE ZONE OF HOPE"},"content":{"rendered":"<p>A trav\u00e9s\u00a0de la vida\u00a0de la Violeta\u00a0, la noia\u00a0protagonista,hem viatjat en el temps\u00a0per un m\u00f3n\u00a0assolat\u00a0pel canvi\u00a0clim\u00e0tic, en els anys\u00a0<span class=\"\">2038\u00a0<\/span>,\u00a0<span class=\"\">2068\u00a0<\/span><span class=\"\">i\u00a0<\/span>2093,\u00a0on hem vist\u00a0el\u00a0desgla\u00e7 de l&#8217;\u00c0rtic,\u00a0una inundaci\u00f3\u00a0a Barcelona\u00a0i la desertificaci\u00f3 a\u00a0l&#8217;embassament de la\u00a0Baells, al Prepirineu.\u00a0Una\u00a0experi\u00e8ncia\u00a0immersiva\u00a0d&#8217;Aig\u00fces de\u00a0Barcelona que ens ha\u00a0perm\u00e8s\u00a0viure\u00a0en primera persona\u00a0els efectes que\u00a0tindr\u00e0\u00a0el canvi\u00a0clim\u00e0tic, amb\u00a0 ajuda de la tecnologia\u00a0Immersive\u00a0extreme,\u00a0que ens\u00a0trasllada a\u00a0diversos entorns\u00a0on\u00a0l&#8217;exc\u00e9s\u00a0de CO2\u00a0a\u00a0l&#8217;atmosfera\u00a0ho est\u00e0\u00a0canviant\u00a0tot. H<span class=\"\">em pogut<\/span>\u00a0experimentar el que\u00a0poden arribar a\u00a0viure\u00a0les\u00a0futures\u00a0<span class=\"\">generacions, o fins i tot la nostra propia generaci\u00f3,\u00a0<\/span><span class=\"\">si no\u00a0<\/span><span class=\"\">aturem\u00a0<\/span><span class=\"\">el canvi\u00a0<\/span><span class=\"\">clim\u00e0tic.<\/span><\/p>\n<p>Aquesta exper\u00e8ncia ens ha fet reflexionar sobre el perill que comporta el canvi clim\u00e0tic a trav\u00e9s de la realitat virtual, la qual ha ajudat a que reflexionem i aprenem d&#8217;una manera m\u00e9s din\u00e0mica i divertida. Crec que aquesta activitat ha estat ben buscada i pensada m\u00e9s per apendre d&#8217;una manera m\u00e9s entretinguda i ha aconseguit que un tema, que ens podrien haver explicat amb una xerrada que hauria conseguit moltes cr\u00edtiques, hagi estat ben valorat per l&#8217;alumnat.<\/p>\n<p>&nbsp;<\/p>\n","protected":false},"excerpt":{"rendered":"<p>A trav\u00e9s\u00a0de la vida\u00a0de la Violeta\u00a0, la noia\u00a0protagonista,hem viatjat en el temps\u00a0per un m\u00f3n\u00a0assolat\u00a0pel canvi\u00a0clim\u00e0tic, en els anys\u00a02038\u00a0,\u00a02068\u00a0i\u00a02093,\u00a0on hem vist\u00a0el\u00a0desgla\u00e7 de l&#8217;\u00c0rtic,\u00a0una inundaci\u00f3\u00a0a Barcelona\u00a0i la desertificaci\u00f3 a\u00a0l&#8217;embassament de&#8230;<\/p>\n","protected":false},"author":79,"featured_media":426,"comment_status":"open","ping_status":"open","sticky":false,"template":"","format":"standard","meta":{"footnotes":""},"categories":[64,1,66],"tags":[17],"_links":{"self":[{"href":"https:\/\/institutviladomat.cat\/portfoli\/16laiacantarell\/wp-json\/wp\/v2\/posts\/421"}],"collection":[{"href":"https:\/\/institutviladomat.cat\/portfoli\/16laiacantarell\/wp-json\/wp\/v2\/posts"}],"about":[{"href":"https:\/\/institutviladomat.cat\/portfoli\/16laiacantarell\/wp-json\/wp\/v2\/types\/post"}],"author":[{"embeddable":true,"href":"https:\/\/institutviladomat.cat\/portfoli\/16laiacantarell\/wp-json\/wp\/v2\/users\/79"}],"replies":[{"embeddable":true,"href":"https:\/\/institutviladomat.cat\/portfoli\/16laiacantarell\/wp-json\/wp\/v2\/comments?post=421"}],"version-history":[{"count":4,"href":"https:\/\/institutviladomat.cat\/portfoli\/16laiacantarell\/wp-json\/wp\/v2\/posts\/421\/revisions"}],"predecessor-version":[{"id":431,"href":"https:\/\/institutviladomat.cat\/portfoli\/16laiacantarell\/wp-json\/wp\/v2\/posts\/421\/revisions\/431"}],"wp:featuredmedia":[{"embeddable":true,"href":"https:\/\/institutviladomat.cat\/portfoli\/16laiacantarell\/wp-json\/wp\/v2\/media\/426"}],"wp:attachment":[{"href":"https:\/\/institutviladomat.cat\/portfoli\/16laiacantarell\/wp-json\/wp\/v2\/media?parent=421"}],"wp:term":[{"taxonomy":"category","embeddable":true,"href":"https:\/\/institutviladomat.cat\/portfoli\/16laiacantarell\/wp-json\/wp\/v2\/categories?post=421"},{"taxonomy":"post_tag","embeddable":true,"href":"https:\/\/institutviladomat.cat\/portfoli\/16laiacantarell\/wp-json\/wp\/v2\/tags?post=421"}],"curies":[{"name":"wp","href":"https:\/\/api.w.org\/{rel}","templated":true}]}}